{"id":641,"date":"2013-01-27T16:47:51","date_gmt":"2013-01-27T14:47:51","guid":{"rendered":"http:\/\/www.muhasebedersleri.com\/haber\/?p=641"},"modified":"2013-01-27T16:49:13","modified_gmt":"2013-01-27T14:49:13","slug":"ticaret-sicil-yonetmeligi","status":"publish","type":"post","link":"https:\/\/www.muhasebedersleri.com\/haber\/ticaret-sicil-yonetmeligi\/","title":{"rendered":"Yeni &#8220;Ticaret Sicil Y\u00f6netmeli\u011fi&#8221;"},"content":{"rendered":"<p>Resmi Gazete,\u00a027 Ocak\u00a02013\u00a0\u00a0PAZAR,\u00a0Say\u0131 : 28541, Y\u00f6netmelik<\/p>\n<p><b><span style=\"text-decoration: underline;\">Karar Say\u0131s\u0131 : 2012\/4093<\/span><\/b><\/p>\n<p>Ekli \u201cTicaret Sicili Y\u00f6netmeli\u011fi\u201dnin y\u00fcr\u00fcrl\u00fc\u011fe konulmas\u0131; G\u00fcmr\u00fck ve Ticaret\u2008Bakanl\u0131\u011f\u0131n\u0131n\u00a022\/11\/2012\u00a0tarihli ve 7322 say\u0131l\u0131 yaz\u0131s\u0131 \u00fczerine, 13\/1\/2011 tarihli ve 6102 say\u0131l\u0131 T\u00fcrk Ticaret Kanununun 26\u00a0nc\u0131\u00a0maddesine g\u00f6re, Bakanlar\u2008Kurulu\u2019nca 19\/12\/2012 tarihinde kararla\u015ft\u0131r\u0131lm\u0131\u015ft\u0131r.<\/p>\n<p>Ticaret Sicil Y\u00f6netmeli\u011finde Ama\u00e7 (madde 1); Ticaret sicili kay\u0131tlar\u0131n\u0131n tam ve sa\u011fl\u0131kl\u0131 tutulmas\u0131n\u0131 ve emredici hukuk kurallar\u0131 \u00e7er\u00e7evesinde kay\u0131tlar\u0131n aleniyetinin ve \u00fc\u00e7\u00fcnc\u00fc ki\u015filer dahil taraflar\u0131n hukuki g\u00fcvenli\u011finin teminat alt\u0131na al\u0131nmas\u0131n\u0131 sa\u011flamakt\u0131r.<\/p>\n<p><strong>Bu y\u00f6netmeli\u011fin i\u00e7ersinde;<\/strong><br \/>\n&#8211; Ticaret sicil m\u00fcd\u00fcrl\u00fc\u011f\u00fcn\u00fcn te\u015fkilat\u0131 ve denetimi<br \/>\n&#8211; Sicil kay\u0131tlar\u0131n\u0131n tutulmas\u0131, eri\u015fim hakk\u0131 ve belge verilmesi<br \/>\n&#8211; Sicile ba\u015fvuru, belgeler ve zaman unsurunun belirlenmesi<br \/>\n&#8211; Tescile ili\u015fkin genel h\u00fck\u00fcmler<br \/>\n&#8211; \u0130nceleme y\u00fck\u00fcml\u00fcl\u00fc\u011f\u00fc, tescil iste\u011finin reddi, tescile davet ve ceza, m\u00fcd\u00fcrl\u00fc\u011fe bildirim y\u00fck\u00fcml\u00fcl\u00fc\u011f\u00fc<br \/>\n&#8211; \u0130tiraz, ge\u00e7ici tescil ve ilan<br \/>\n&#8211; Ticaret \u00fcnvan\u0131 ve i\u015fletme ad\u0131<br \/>\n&#8211; Ticari temsilci ve acenta<br \/>\n&#8211; Ticari i\u015fletmelerin tescili<br \/>\n&#8211; Ger\u00e7ek ki\u015filere ait ticari i\u015fletmeler<br \/>\n&#8211; Derneklere\u00a0ait ticari i\u015fletmeler<br \/>\n&#8211; Vak\u0131flara\u00a0ait ticari i\u015fletmeler<br \/>\n&#8211; Kamu t\u00fczel ki\u015filerine\u00a0ait ticari i\u015fletmeler<br \/>\n&#8211; Ticaret \u015firketlerinin tescili<br \/>\n&#8211; Kollektif ve komondit \u015firketler<br \/>\n&#8211; Sermayesi paylara b\u00f6l\u00fcnm\u00fc\u015f komandit \u015firketler<br \/>\n&#8211; Anonim \u015firketler<br \/>\n&#8211; Tek pay sahipli anonim \u015firketler<br \/>\n&#8211; Limited \u015firketler<br \/>\n&#8211; Tek ortakl\u0131 limited \u015firketler<br \/>\n&#8211; Kooperatifler<br \/>\n&#8211; Birle\u015fme, b\u00f6l\u00fcnme ve t\u00fcr de\u011fi\u015ftirme<br \/>\n&#8211; \u0130flas ve konkordato<\/p>\n<p>k\u0131s\u0131mlar\u0131 bulunmaktad\u0131r.<\/p>\n<p>Ticaret sicili y\u00f6netmeli\u011finin tamam\u0131n\u0131 a\u015fa\u011f\u0131daki linkten inceleyebilirsiniz.<\/p>\n<p>&nbsp;<\/p>\n<p><b><a href=\"http:\/\/www.resmigazete.gov.tr\/eskiler\/2013\/01\/20130127-9-1.pdf\" target=\"_blank\">Ticaret Sicili Y\u00f6netmeli\u011fi<\/a><\/b><\/p>\n<p>&nbsp;<\/p>\n","protected":false},"excerpt":{"rendered":"<p>Resmi Gazete,\u00a027 Ocak\u00a02013\u00a0\u00a0PAZAR,\u00a0Say\u0131 : 28541, Y\u00f6netmelik Karar Say\u0131s\u0131 : 2012\/4093 Ekli \u201cTicaret Sicili Y\u00f6netmeli\u011fi\u201dnin y\u00fcr\u00fcrl\u00fc\u011fe konulmas\u0131; G\u00fcmr\u00fck ve Ticaret\u2008Bakanl\u0131\u011f\u0131n\u0131n\u00a022\/11\/2012\u00a0tarihli ve 7322 say\u0131l\u0131 yaz\u0131s\u0131 \u00fczerine, 13\/1\/2011 tarihli ve 6102 say\u0131l\u0131 T\u00fcrk Ticaret Kanununun 26\u00a0nc\u0131\u00a0maddesine g\u00f6re, Bakanlar\u2008Kurulu\u2019nca 19\/12\/2012 tarihinde kararla\u015ft\u0131r\u0131lm\u0131\u015ft\u0131r. Ticaret Sicil Y\u00f6netmeli\u011finde Ama\u00e7 (madde 1); Ticaret sicili kay\u0131tlar\u0131n\u0131n tam ve sa\u011fl\u0131kl\u0131 tutulmas\u0131n\u0131 ve emredici hukuk kurallar\u0131 &hellip;<\/p>\n","protected":false},"author":1,"featured_media":0,"comment_status":"open","ping_status":"open","sticky":false,"template":"","format":"standard","meta":{"footnotes":""},"categories":[28],"tags":[23,324,325,323,54,43],"class_list":["post-641","post","type-post","status-publish","format-standard","","category-resmi-gazete","tag-23","tag-sicil","tag-sirketler","tag-ticaret","tag-yeni","tag-yonetmelik"],"yoast_head":"<!-- This site is optimized with the Yoast SEO plugin v24.5 - https:\/\/yoast.com\/wordpress\/plugins\/seo\/ -->\n<title>Yeni &quot;Ticaret Sicil Y\u00f6netmeli\u011fi&quot;<\/title>\n<meta name=\"robots\" content=\"index, follow, max-snippet:-1, max-image-preview:large, max-video-preview:-1\" \/>\n<link rel=\"canonical\" href=\"https:\/\/www.muhasebedersleri.com\/haber\/ticaret-sicil-yonetmeligi\/\" \/>\n<meta property=\"og:locale\" content=\"tr_TR\" \/>\n<meta property=\"og:type\" content=\"article\" \/>\n<meta property=\"og:title\" content=\"Yeni &quot;Ticaret Sicil Y\u00f6netmeli\u011fi&quot;\" \/>\n<meta property=\"og:description\" content=\"Resmi Gazete,\u00a027 Ocak\u00a02013\u00a0\u00a0PAZAR,\u00a0Say\u0131 : 28541, Y\u00f6netmelik Karar Say\u0131s\u0131 : 2012\/4093 Ekli \u201cTicaret Sicili Y\u00f6netmeli\u011fi\u201dnin y\u00fcr\u00fcrl\u00fc\u011fe konulmas\u0131; G\u00fcmr\u00fck ve Ticaret\u2008Bakanl\u0131\u011f\u0131n\u0131n\u00a022\/11\/2012\u00a0tarihli ve 7322 say\u0131l\u0131 yaz\u0131s\u0131 \u00fczerine, 13\/1\/2011 tarihli ve 6102 say\u0131l\u0131 T\u00fcrk Ticaret Kanununun 26\u00a0nc\u0131\u00a0maddesine g\u00f6re, Bakanlar\u2008Kurulu\u2019nca 19\/12\/2012 tarihinde kararla\u015ft\u0131r\u0131lm\u0131\u015ft\u0131r. Ticaret Sicil Y\u00f6netmeli\u011finde Ama\u00e7 (madde 1); Ticaret sicili kay\u0131tlar\u0131n\u0131n tam ve sa\u011fl\u0131kl\u0131 tutulmas\u0131n\u0131 ve emredici hukuk kurallar\u0131 &hellip;\" \/>\n<meta property=\"og:url\" content=\"https:\/\/www.muhasebedersleri.com\/haber\/ticaret-sicil-yonetmeligi\/\" \/>\n<meta property=\"og:site_name\" content=\"Haberler\" \/>\n<meta property=\"article:published_time\" content=\"2013-01-27T14:47:51+00:00\" \/>\n<meta property=\"article:modified_time\" content=\"2013-01-27T14:49:13+00:00\" \/>\n<meta name=\"author\" content=\"hkn\" \/>\n<meta name=\"twitter:card\" content=\"summary_large_image\" \/>\n<meta name=\"twitter:label1\" content=\"Yazan:\" \/>\n\t<meta name=\"twitter:data1\" content=\"hkn\" \/>\n\t<meta name=\"twitter:label2\" content=\"Tahmini okuma s\u00fcresi\" \/>\n\t<meta name=\"twitter:data2\" content=\"2 dakika\" \/>\n<script type=\"application\/ld+json\" class=\"yoast-schema-graph\">{\"@context\":\"https:\/\/schema.org\",\"@graph\":[{\"@type\":\"WebPage\",\"@id\":\"https:\/\/www.muhasebedersleri.com\/haber\/ticaret-sicil-yonetmeligi\/\",\"url\":\"https:\/\/www.muhasebedersleri.com\/haber\/ticaret-sicil-yonetmeligi\/\",\"name\":\"Yeni \\\"Ticaret Sicil Y\u00f6netmeli\u011fi\\\"\",\"isPartOf\":{\"@id\":\"http:\/\/www.muhasebedersleri.com\/haber\/#website\"},\"datePublished\":\"2013-01-27T14:47:51+00:00\",\"dateModified\":\"2013-01-27T14:49:13+00:00\",\"author\":{\"@id\":\"http:\/\/www.muhasebedersleri.com\/haber\/#\/schema\/person\/6a28a468bdcf8a45f6a1f6fbb4f18137\"},\"breadcrumb\":{\"@id\":\"https:\/\/www.muhasebedersleri.com\/haber\/ticaret-sicil-yonetmeligi\/#breadcrumb\"},\"inLanguage\":\"tr\",\"potentialAction\":[{\"@type\":\"ReadAction\",\"target\":[\"https:\/\/www.muhasebedersleri.com\/haber\/ticaret-sicil-yonetmeligi\/\"]}]},{\"@type\":\"BreadcrumbList\",\"@id\":\"https:\/\/www.muhasebedersleri.com\/haber\/ticaret-sicil-yonetmeligi\/#breadcrumb\",\"itemListElement\":[{\"@type\":\"ListItem\",\"position\":1,\"name\":\"Ana sayfa\",\"item\":\"http:\/\/www.muhasebedersleri.com\/haber\/\"},{\"@type\":\"ListItem\",\"position\":2,\"name\":\"Yeni &#8220;Ticaret Sicil Y\u00f6netmeli\u011fi&#8221;\"}]},{\"@type\":\"WebSite\",\"@id\":\"http:\/\/www.muhasebedersleri.com\/haber\/#website\",\"url\":\"http:\/\/www.muhasebedersleri.com\/haber\/\",\"name\":\"Haberler\",\"description\":\"Muhasebe haber\",\"potentialAction\":[{\"@type\":\"SearchAction\",\"target\":{\"@type\":\"EntryPoint\",\"urlTemplate\":\"http:\/\/www.muhasebedersleri.com\/haber\/?s={search_term_string}\"},\"query-input\":{\"@type\":\"PropertyValueSpecification\",\"valueRequired\":true,\"valueName\":\"search_term_string\"}}],\"inLanguage\":\"tr\"},{\"@type\":\"Person\",\"@id\":\"http:\/\/www.muhasebedersleri.com\/haber\/#\/schema\/person\/6a28a468bdcf8a45f6a1f6fbb4f18137\",\"name\":\"hkn\",\"image\":{\"@type\":\"ImageObject\",\"inLanguage\":\"tr\",\"@id\":\"http:\/\/www.muhasebedersleri.com\/haber\/#\/schema\/person\/image\/\",\"url\":\"https:\/\/secure.gravatar.com\/avatar\/942b45aca9690df47674327d843d43de?s=96&d=mm&r=g\",\"contentUrl\":\"https:\/\/secure.gravatar.com\/avatar\/942b45aca9690df47674327d843d43de?s=96&d=mm&r=g\",\"caption\":\"hkn\"},\"url\":\"https:\/\/www.muhasebedersleri.com\/haber\/author\/hkn\/\"}]}<\/script>\n<!-- \/ Yoast SEO plugin. -->","yoast_head_json":{"title":"Yeni \"Ticaret Sicil Y\u00f6netmeli\u011fi\"","robots":{"index":"index","follow":"follow","max-snippet":"max-snippet:-1","max-image-preview":"max-image-preview:large","max-video-preview":"max-video-preview:-1"},"canonical":"https:\/\/www.muhasebedersleri.com\/haber\/ticaret-sicil-yonetmeligi\/","og_locale":"tr_TR","og_type":"article","og_title":"Yeni \"Ticaret Sicil Y\u00f6netmeli\u011fi\"","og_description":"Resmi Gazete,\u00a027 Ocak\u00a02013\u00a0\u00a0PAZAR,\u00a0Say\u0131 : 28541, Y\u00f6netmelik Karar Say\u0131s\u0131 : 2012\/4093 Ekli \u201cTicaret Sicili Y\u00f6netmeli\u011fi\u201dnin y\u00fcr\u00fcrl\u00fc\u011fe konulmas\u0131; G\u00fcmr\u00fck ve Ticaret\u2008Bakanl\u0131\u011f\u0131n\u0131n\u00a022\/11\/2012\u00a0tarihli ve 7322 say\u0131l\u0131 yaz\u0131s\u0131 \u00fczerine, 13\/1\/2011 tarihli ve 6102 say\u0131l\u0131 T\u00fcrk Ticaret Kanununun 26\u00a0nc\u0131\u00a0maddesine g\u00f6re, Bakanlar\u2008Kurulu\u2019nca 19\/12\/2012 tarihinde kararla\u015ft\u0131r\u0131lm\u0131\u015ft\u0131r. Ticaret Sicil Y\u00f6netmeli\u011finde Ama\u00e7 (madde 1); Ticaret sicili kay\u0131tlar\u0131n\u0131n tam ve sa\u011fl\u0131kl\u0131 tutulmas\u0131n\u0131 ve emredici hukuk kurallar\u0131 &hellip;","og_url":"https:\/\/www.muhasebedersleri.com\/haber\/ticaret-sicil-yonetmeligi\/","og_site_name":"Haberler","article_published_time":"2013-01-27T14:47:51+00:00","article_modified_time":"2013-01-27T14:49:13+00:00","author":"hkn","twitter_card":"summary_large_image","twitter_misc":{"Yazan:":"hkn","Tahmini okuma s\u00fcresi":"2 dakika"},"schema":{"@context":"https:\/\/schema.org","@graph":[{"@type":"WebPage","@id":"https:\/\/www.muhasebedersleri.com\/haber\/ticaret-sicil-yonetmeligi\/","url":"https:\/\/www.muhasebedersleri.com\/haber\/ticaret-sicil-yonetmeligi\/","name":"Yeni \"Ticaret Sicil Y\u00f6netmeli\u011fi\"","isPartOf":{"@id":"http:\/\/www.muhasebedersleri.com\/haber\/#website"},"datePublished":"2013-01-27T14:47:51+00:00","dateModified":"2013-01-27T14:49:13+00:00","author":{"@id":"http:\/\/www.muhasebedersleri.com\/haber\/#\/schema\/person\/6a28a468bdcf8a45f6a1f6fbb4f18137"},"breadcrumb":{"@id":"https:\/\/www.muhasebedersleri.com\/haber\/ticaret-sicil-yonetmeligi\/#breadcrumb"},"inLanguage":"tr","potentialAction":[{"@type":"ReadAction","target":["https:\/\/www.muhasebedersleri.com\/haber\/ticaret-sicil-yonetmeligi\/"]}]},{"@type":"BreadcrumbList","@id":"https:\/\/www.muhasebedersleri.com\/haber\/ticaret-sicil-yonetmeligi\/#breadcrumb","itemListElement":[{"@type":"ListItem","position":1,"name":"Ana sayfa","item":"http:\/\/www.muhasebedersleri.com\/haber\/"},{"@type":"ListItem","position":2,"name":"Yeni &#8220;Ticaret Sicil Y\u00f6netmeli\u011fi&#8221;"}]},{"@type":"WebSite","@id":"http:\/\/www.muhasebedersleri.com\/haber\/#website","url":"http:\/\/www.muhasebedersleri.com\/haber\/","name":"Haberler","description":"Muhasebe haber","potentialAction":[{"@type":"SearchAction","target":{"@type":"EntryPoint","urlTemplate":"http:\/\/www.muhasebedersleri.com\/haber\/?s={search_term_string}"},"query-input":{"@type":"PropertyValueSpecification","valueRequired":true,"valueName":"search_term_string"}}],"inLanguage":"tr"},{"@type":"Person","@id":"http:\/\/www.muhasebedersleri.com\/haber\/#\/schema\/person\/6a28a468bdcf8a45f6a1f6fbb4f18137","name":"hkn","image":{"@type":"ImageObject","inLanguage":"tr","@id":"http:\/\/www.muhasebedersleri.com\/haber\/#\/schema\/person\/image\/","url":"https:\/\/secure.gravatar.com\/avatar\/942b45aca9690df47674327d843d43de?s=96&d=mm&r=g","contentUrl":"https:\/\/secure.gravatar.com\/avatar\/942b45aca9690df47674327d843d43de?s=96&d=mm&r=g","caption":"hkn"},"url":"https:\/\/www.muhasebedersleri.com\/haber\/author\/hkn\/"}]}},"views":6293,"_links":{"self":[{"href":"https:\/\/www.muhasebedersleri.com\/haber\/wp-json\/wp\/v2\/posts\/641","targetHints":{"allow":["GET"]}}],"collection":[{"href":"https:\/\/www.muhasebedersleri.com\/haber\/wp-json\/wp\/v2\/posts"}],"about":[{"href":"https:\/\/www.muhasebedersleri.com\/haber\/wp-json\/wp\/v2\/types\/post"}],"author":[{"embeddable":true,"href":"https:\/\/www.muhasebedersleri.com\/haber\/wp-json\/wp\/v2\/users\/1"}],"replies":[{"embeddable":true,"href":"https:\/\/www.muhasebedersleri.com\/haber\/wp-json\/wp\/v2\/comments?post=641"}],"version-history":[{"count":4,"href":"https:\/\/www.muhasebedersleri.com\/haber\/wp-json\/wp\/v2\/posts\/641\/revisions"}],"predecessor-version":[{"id":645,"href":"https:\/\/www.muhasebedersleri.com\/haber\/wp-json\/wp\/v2\/posts\/641\/revisions\/645"}],"wp:attachment":[{"href":"https:\/\/www.muhasebedersleri.com\/haber\/wp-json\/wp\/v2\/media?parent=641"}],"wp:term":[{"taxonomy":"category","embeddable":true,"href":"https:\/\/www.muhasebedersleri.com\/haber\/wp-json\/wp\/v2\/categories?post=641"},{"taxonomy":"post_tag","embeddable":true,"href":"https:\/\/www.muhasebedersleri.com\/haber\/wp-json\/wp\/v2\/tags?post=641"}],"curies":[{"name":"wp","href":"https:\/\/api.w.org\/{rel}","templated":true}]}}