{"id":2672,"date":"2018-10-08T11:11:58","date_gmt":"2018-10-08T08:11:58","guid":{"rendered":"http:\/\/www.muhasebedersleri.com\/haber\/?p=2672"},"modified":"2018-10-08T11:33:48","modified_gmt":"2018-10-08T08:33:48","slug":"saatler-geri-alinacak-mi","status":"publish","type":"post","link":"https:\/\/www.muhasebedersleri.com\/haber\/saatler-geri-alinacak-mi\/","title":{"rendered":"Saatler Geri Al\u0131nacak M\u0131? K\u0131\u015f Saati Uygulamas\u0131 Ne Zaman"},"content":{"rendered":"<p>23 Ekim 2017 tarihli Resmi Gazete arac\u0131l\u0131\u011f\u0131yla ilan edilen kararname neticesinde, yaz saati uygulamas\u0131n\u0131n 2017 tarihinde de s\u00fcrd\u00fcr\u00fclece\u011fi, k\u0131\u015f saati uygulamas\u0131na<strong> 28 Ekim 2018 Pazar<\/strong> tarihinde saat 04.00&#8217;ten itibaren ge\u00e7ilece\u011fi aktar\u0131lm\u0131\u015ft\u0131.<\/p>\n<p><img loading=\"lazy\" decoding=\"async\" class=\"alignleft size-full wp-image-2673\" src=\"http:\/\/www.muhasebedersleri.com\/haber\/wp-content\/uploads\/2018\/10\/kis-saati-uygulamasi-2018.jpg\" alt=\"k\u0131\u015f saati uygulamas\u0131 2018\" width=\"572\" height=\"286\" srcset=\"https:\/\/www.muhasebedersleri.com\/haber\/wp-content\/uploads\/2018\/10\/kis-saati-uygulamasi-2018.jpg 572w, https:\/\/www.muhasebedersleri.com\/haber\/wp-content\/uploads\/2018\/10\/kis-saati-uygulamasi-2018-300x150.jpg 300w\" sizes=\"auto, (max-width: 572px) 100vw, 572px\" \/><\/p>\n<p>&nbsp;<\/p>\n<p>&nbsp;<\/p>\n<p>&nbsp;<\/p>\n<p>&nbsp;<\/p>\n<p>&nbsp;<\/p>\n<p>&nbsp;<\/p>\n<p>&nbsp;<\/p>\n<h3><strong><br \/>\n2018 Y\u0131l\u0131nda Saatler Geri Al\u0131nacak M\u0131?<\/strong><\/h3>\n<p>Resmi Gazete&#8217;de bulunan Cumhurba\u015fkan\u0131 karar\u0131nda; G\u00fcn \u0131\u015f\u0131\u011f\u0131ndan daha fazla yararlanmak amac\u0131yla b\u00fct\u00fcn yurtta uygulanan ileri saat uygulamas\u0131n\u0131n devam ettirilmesinin\u00a0kararla\u015ft\u0131r\u0131ld\u0131\u011f\u0131 ifade edildi.\u00a0 Al\u0131nan karar do\u011frultusunda, yaz saati uygulanmas\u0131 hakk\u0131ndaki 23 Ekim 2017 tarihli ve\u00a0 2017\/10921 say\u0131l\u0131 Bakanlar Kurulu karar\u0131n\u0131n da y\u00fcr\u00fcrl\u00fckten kald\u0131r\u0131ld\u0131\u011f\u0131 belirtildi.<\/p>\n<p>&nbsp;<\/p>\n<p>B\u00f6ylece, <strong>28 Ekim 2018 Pazar<\/strong> g\u00fcn\u00fc Avrupa \u00fclkeleri k\u0131\u015f saatine ge\u00e7ip saatlerini 1 saat geri alacaklarken; T\u00fcrkiye ise yaz saati uygulamas\u0131na devam ederek k\u0131\u015f saati uygulamas\u0131na ge\u00e7ilmeyecek. Yani <strong>\u00fclkemizde saatler geri al\u0131nmayacak\u00a0<\/strong>(ilgili tarihe kadar yeni bir karar al\u0131nmad\u0131\u011f\u0131 s\u00fcrece)<\/p>\n<p>&nbsp;<\/p>\n","protected":false},"excerpt":{"rendered":"<p>23 Ekim 2017 tarihli Resmi Gazete arac\u0131l\u0131\u011f\u0131yla ilan edilen kararname neticesinde, yaz saati uygulamas\u0131n\u0131n 2017 tarihinde de s\u00fcrd\u00fcr\u00fclece\u011fi, k\u0131\u015f saati uygulamas\u0131na 28 Ekim 2018 Pazar tarihinde saat 04.00&#8217;ten itibaren ge\u00e7ilece\u011fi aktar\u0131lm\u0131\u015ft\u0131. &nbsp; &nbsp; &nbsp; &nbsp; &nbsp; &nbsp; &nbsp; 2018 Y\u0131l\u0131nda Saatler Geri Al\u0131nacak M\u0131? Resmi Gazete&#8217;de bulunan Cumhurba\u015fkan\u0131 karar\u0131nda; G\u00fcn \u0131\u015f\u0131\u011f\u0131ndan daha fazla yararlanmak amac\u0131yla &hellip;<\/p>\n","protected":false},"author":1,"featured_media":0,"comment_status":"open","ping_status":"open","sticky":false,"template":"","format":"standard","meta":{"footnotes":""},"categories":[1,28],"tags":[868,924,926,58,925],"class_list":["post-2672","post","type-post","status-publish","format-standard","","category-genel","category-resmi-gazete","tag-868","tag-kis-saati","tag-ne-zaman-alinacak","tag-resmi-gazete-2","tag-saatler-geri-alinacak-mi"],"yoast_head":"<!-- This site is optimized with the Yoast SEO plugin v24.5 - https:\/\/yoast.com\/wordpress\/plugins\/seo\/ -->\n<title>Saatler Geri Al\u0131nacak M\u0131? K\u0131\u015f Saati Uygulamas\u0131 Ne Zaman<\/title>\n<meta name=\"description\" content=\"2018 y\u0131l\u0131nda saatler geri al\u0131nacak m\u0131 ? K\u0131\u015f saati uygulamas\u0131na ne zaman ge\u00e7ilecek, resmi gazete karar\u0131 ile en son uygulama nas\u0131l olucak...\" \/>\n<meta name=\"robots\" content=\"index, follow, max-snippet:-1, max-image-preview:large, max-video-preview:-1\" \/>\n<link rel=\"canonical\" href=\"http:\/\/www.muhasebedersleri.com\/haber\/saatler-geri-alinacak-mi\/\" \/>\n<meta property=\"og:locale\" content=\"tr_TR\" \/>\n<meta property=\"og:type\" content=\"article\" \/>\n<meta property=\"og:title\" content=\"Saatler Geri Al\u0131nacak M\u0131? K\u0131\u015f Saati Uygulamas\u0131 Ne Zaman\" \/>\n<meta property=\"og:description\" content=\"2018 y\u0131l\u0131nda saatler geri al\u0131nacak m\u0131 ? K\u0131\u015f saati uygulamas\u0131na ne zaman ge\u00e7ilecek, resmi gazete karar\u0131 ile en son uygulama nas\u0131l olucak...\" \/>\n<meta property=\"og:url\" content=\"http:\/\/www.muhasebedersleri.com\/haber\/saatler-geri-alinacak-mi\/\" \/>\n<meta property=\"og:site_name\" content=\"Haberler\" \/>\n<meta property=\"article:published_time\" content=\"2018-10-08T08:11:58+00:00\" \/>\n<meta property=\"article:modified_time\" content=\"2018-10-08T08:33:48+00:00\" \/>\n<meta property=\"og:image\" content=\"http:\/\/www.muhasebedersleri.com\/haber\/wp-content\/uploads\/2018\/10\/kis-saati-uygulamasi-2018.jpg\" \/>\n<meta name=\"author\" content=\"hkn\" \/>\n<meta name=\"twitter:card\" content=\"summary_large_image\" \/>\n<meta name=\"twitter:label1\" content=\"Yazan:\" \/>\n\t<meta name=\"twitter:data1\" content=\"hkn\" \/>\n\t<meta name=\"twitter:label2\" content=\"Tahmini okuma s\u00fcresi\" \/>\n\t<meta name=\"twitter:data2\" content=\"1 dakika\" \/>\n<script type=\"application\/ld+json\" class=\"yoast-schema-graph\">{\"@context\":\"https:\/\/schema.org\",\"@graph\":[{\"@type\":\"WebPage\",\"@id\":\"http:\/\/www.muhasebedersleri.com\/haber\/saatler-geri-alinacak-mi\/\",\"url\":\"http:\/\/www.muhasebedersleri.com\/haber\/saatler-geri-alinacak-mi\/\",\"name\":\"Saatler Geri Al\u0131nacak M\u0131? K\u0131\u015f Saati Uygulamas\u0131 Ne Zaman\",\"isPartOf\":{\"@id\":\"http:\/\/www.muhasebedersleri.com\/haber\/#website\"},\"primaryImageOfPage\":{\"@id\":\"http:\/\/www.muhasebedersleri.com\/haber\/saatler-geri-alinacak-mi\/#primaryimage\"},\"image\":{\"@id\":\"http:\/\/www.muhasebedersleri.com\/haber\/saatler-geri-alinacak-mi\/#primaryimage\"},\"thumbnailUrl\":\"http:\/\/www.muhasebedersleri.com\/haber\/wp-content\/uploads\/2018\/10\/kis-saati-uygulamasi-2018.jpg\",\"datePublished\":\"2018-10-08T08:11:58+00:00\",\"dateModified\":\"2018-10-08T08:33:48+00:00\",\"author\":{\"@id\":\"http:\/\/www.muhasebedersleri.com\/haber\/#\/schema\/person\/6a28a468bdcf8a45f6a1f6fbb4f18137\"},\"description\":\"2018 y\u0131l\u0131nda saatler geri al\u0131nacak m\u0131 ? K\u0131\u015f saati uygulamas\u0131na ne zaman ge\u00e7ilecek, resmi gazete karar\u0131 ile en son uygulama nas\u0131l olucak...\",\"breadcrumb\":{\"@id\":\"http:\/\/www.muhasebedersleri.com\/haber\/saatler-geri-alinacak-mi\/#breadcrumb\"},\"inLanguage\":\"tr\",\"potentialAction\":[{\"@type\":\"ReadAction\",\"target\":[\"http:\/\/www.muhasebedersleri.com\/haber\/saatler-geri-alinacak-mi\/\"]}]},{\"@type\":\"ImageObject\",\"inLanguage\":\"tr\",\"@id\":\"http:\/\/www.muhasebedersleri.com\/haber\/saatler-geri-alinacak-mi\/#primaryimage\",\"url\":\"https:\/\/www.muhasebedersleri.com\/haber\/wp-content\/uploads\/2018\/10\/kis-saati-uygulamasi-2018.jpg\",\"contentUrl\":\"https:\/\/www.muhasebedersleri.com\/haber\/wp-content\/uploads\/2018\/10\/kis-saati-uygulamasi-2018.jpg\",\"width\":572,\"height\":286,\"caption\":\"k\u0131\u015f saati uygulamas\u0131 2018\"},{\"@type\":\"BreadcrumbList\",\"@id\":\"http:\/\/www.muhasebedersleri.com\/haber\/saatler-geri-alinacak-mi\/#breadcrumb\",\"itemListElement\":[{\"@type\":\"ListItem\",\"position\":1,\"name\":\"Ana sayfa\",\"item\":\"http:\/\/www.muhasebedersleri.com\/haber\/\"},{\"@type\":\"ListItem\",\"position\":2,\"name\":\"Saatler Geri Al\u0131nacak M\u0131? K\u0131\u015f Saati Uygulamas\u0131 Ne Zaman\"}]},{\"@type\":\"WebSite\",\"@id\":\"http:\/\/www.muhasebedersleri.com\/haber\/#website\",\"url\":\"http:\/\/www.muhasebedersleri.com\/haber\/\",\"name\":\"Haberler\",\"description\":\"Muhasebe haber\",\"potentialAction\":[{\"@type\":\"SearchAction\",\"target\":{\"@type\":\"EntryPoint\",\"urlTemplate\":\"http:\/\/www.muhasebedersleri.com\/haber\/?s={search_term_string}\"},\"query-input\":{\"@type\":\"PropertyValueSpecification\",\"valueRequired\":true,\"valueName\":\"search_term_string\"}}],\"inLanguage\":\"tr\"},{\"@type\":\"Person\",\"@id\":\"http:\/\/www.muhasebedersleri.com\/haber\/#\/schema\/person\/6a28a468bdcf8a45f6a1f6fbb4f18137\",\"name\":\"hkn\",\"image\":{\"@type\":\"ImageObject\",\"inLanguage\":\"tr\",\"@id\":\"http:\/\/www.muhasebedersleri.com\/haber\/#\/schema\/person\/image\/\",\"url\":\"https:\/\/secure.gravatar.com\/avatar\/942b45aca9690df47674327d843d43de?s=96&d=mm&r=g\",\"contentUrl\":\"https:\/\/secure.gravatar.com\/avatar\/942b45aca9690df47674327d843d43de?s=96&d=mm&r=g\",\"caption\":\"hkn\"},\"url\":\"https:\/\/www.muhasebedersleri.com\/haber\/author\/hkn\/\"}]}<\/script>\n<!-- \/ Yoast SEO plugin. -->","yoast_head_json":{"title":"Saatler Geri Al\u0131nacak M\u0131? K\u0131\u015f Saati Uygulamas\u0131 Ne Zaman","description":"2018 y\u0131l\u0131nda saatler geri al\u0131nacak m\u0131 ? K\u0131\u015f saati uygulamas\u0131na ne zaman ge\u00e7ilecek, resmi gazete karar\u0131 ile en son uygulama nas\u0131l olucak...","robots":{"index":"index","follow":"follow","max-snippet":"max-snippet:-1","max-image-preview":"max-image-preview:large","max-video-preview":"max-video-preview:-1"},"canonical":"http:\/\/www.muhasebedersleri.com\/haber\/saatler-geri-alinacak-mi\/","og_locale":"tr_TR","og_type":"article","og_title":"Saatler Geri Al\u0131nacak M\u0131? K\u0131\u015f Saati Uygulamas\u0131 Ne Zaman","og_description":"2018 y\u0131l\u0131nda saatler geri al\u0131nacak m\u0131 ? K\u0131\u015f saati uygulamas\u0131na ne zaman ge\u00e7ilecek, resmi gazete karar\u0131 ile en son uygulama nas\u0131l olucak...","og_url":"http:\/\/www.muhasebedersleri.com\/haber\/saatler-geri-alinacak-mi\/","og_site_name":"Haberler","article_published_time":"2018-10-08T08:11:58+00:00","article_modified_time":"2018-10-08T08:33:48+00:00","og_image":[{"url":"http:\/\/www.muhasebedersleri.com\/haber\/wp-content\/uploads\/2018\/10\/kis-saati-uygulamasi-2018.jpg","type":"","width":"","height":""}],"author":"hkn","twitter_card":"summary_large_image","twitter_misc":{"Yazan:":"hkn","Tahmini okuma s\u00fcresi":"1 dakika"},"schema":{"@context":"https:\/\/schema.org","@graph":[{"@type":"WebPage","@id":"http:\/\/www.muhasebedersleri.com\/haber\/saatler-geri-alinacak-mi\/","url":"http:\/\/www.muhasebedersleri.com\/haber\/saatler-geri-alinacak-mi\/","name":"Saatler Geri Al\u0131nacak M\u0131? K\u0131\u015f Saati Uygulamas\u0131 Ne Zaman","isPartOf":{"@id":"http:\/\/www.muhasebedersleri.com\/haber\/#website"},"primaryImageOfPage":{"@id":"http:\/\/www.muhasebedersleri.com\/haber\/saatler-geri-alinacak-mi\/#primaryimage"},"image":{"@id":"http:\/\/www.muhasebedersleri.com\/haber\/saatler-geri-alinacak-mi\/#primaryimage"},"thumbnailUrl":"http:\/\/www.muhasebedersleri.com\/haber\/wp-content\/uploads\/2018\/10\/kis-saati-uygulamasi-2018.jpg","datePublished":"2018-10-08T08:11:58+00:00","dateModified":"2018-10-08T08:33:48+00:00","author":{"@id":"http:\/\/www.muhasebedersleri.com\/haber\/#\/schema\/person\/6a28a468bdcf8a45f6a1f6fbb4f18137"},"description":"2018 y\u0131l\u0131nda saatler geri al\u0131nacak m\u0131 ? K\u0131\u015f saati uygulamas\u0131na ne zaman ge\u00e7ilecek, resmi gazete karar\u0131 ile en son uygulama nas\u0131l olucak...","breadcrumb":{"@id":"http:\/\/www.muhasebedersleri.com\/haber\/saatler-geri-alinacak-mi\/#breadcrumb"},"inLanguage":"tr","potentialAction":[{"@type":"ReadAction","target":["http:\/\/www.muhasebedersleri.com\/haber\/saatler-geri-alinacak-mi\/"]}]},{"@type":"ImageObject","inLanguage":"tr","@id":"http:\/\/www.muhasebedersleri.com\/haber\/saatler-geri-alinacak-mi\/#primaryimage","url":"https:\/\/www.muhasebedersleri.com\/haber\/wp-content\/uploads\/2018\/10\/kis-saati-uygulamasi-2018.jpg","contentUrl":"https:\/\/www.muhasebedersleri.com\/haber\/wp-content\/uploads\/2018\/10\/kis-saati-uygulamasi-2018.jpg","width":572,"height":286,"caption":"k\u0131\u015f saati uygulamas\u0131 2018"},{"@type":"BreadcrumbList","@id":"http:\/\/www.muhasebedersleri.com\/haber\/saatler-geri-alinacak-mi\/#breadcrumb","itemListElement":[{"@type":"ListItem","position":1,"name":"Ana sayfa","item":"http:\/\/www.muhasebedersleri.com\/haber\/"},{"@type":"ListItem","position":2,"name":"Saatler Geri Al\u0131nacak M\u0131? K\u0131\u015f Saati Uygulamas\u0131 Ne Zaman"}]},{"@type":"WebSite","@id":"http:\/\/www.muhasebedersleri.com\/haber\/#website","url":"http:\/\/www.muhasebedersleri.com\/haber\/","name":"Haberler","description":"Muhasebe haber","potentialAction":[{"@type":"SearchAction","target":{"@type":"EntryPoint","urlTemplate":"http:\/\/www.muhasebedersleri.com\/haber\/?s={search_term_string}"},"query-input":{"@type":"PropertyValueSpecification","valueRequired":true,"valueName":"search_term_string"}}],"inLanguage":"tr"},{"@type":"Person","@id":"http:\/\/www.muhasebedersleri.com\/haber\/#\/schema\/person\/6a28a468bdcf8a45f6a1f6fbb4f18137","name":"hkn","image":{"@type":"ImageObject","inLanguage":"tr","@id":"http:\/\/www.muhasebedersleri.com\/haber\/#\/schema\/person\/image\/","url":"https:\/\/secure.gravatar.com\/avatar\/942b45aca9690df47674327d843d43de?s=96&d=mm&r=g","contentUrl":"https:\/\/secure.gravatar.com\/avatar\/942b45aca9690df47674327d843d43de?s=96&d=mm&r=g","caption":"hkn"},"url":"https:\/\/www.muhasebedersleri.com\/haber\/author\/hkn\/"}]}},"views":2929,"_links":{"self":[{"href":"https:\/\/www.muhasebedersleri.com\/haber\/wp-json\/wp\/v2\/posts\/2672","targetHints":{"allow":["GET"]}}],"collection":[{"href":"https:\/\/www.muhasebedersleri.com\/haber\/wp-json\/wp\/v2\/posts"}],"about":[{"href":"https:\/\/www.muhasebedersleri.com\/haber\/wp-json\/wp\/v2\/types\/post"}],"author":[{"embeddable":true,"href":"https:\/\/www.muhasebedersleri.com\/haber\/wp-json\/wp\/v2\/users\/1"}],"replies":[{"embeddable":true,"href":"https:\/\/www.muhasebedersleri.com\/haber\/wp-json\/wp\/v2\/comments?post=2672"}],"version-history":[{"count":7,"href":"https:\/\/www.muhasebedersleri.com\/haber\/wp-json\/wp\/v2\/posts\/2672\/revisions"}],"predecessor-version":[{"id":2680,"href":"https:\/\/www.muhasebedersleri.com\/haber\/wp-json\/wp\/v2\/posts\/2672\/revisions\/2680"}],"wp:attachment":[{"href":"https:\/\/www.muhasebedersleri.com\/haber\/wp-json\/wp\/v2\/media?parent=2672"}],"wp:term":[{"taxonomy":"category","embeddable":true,"href":"https:\/\/www.muhasebedersleri.com\/haber\/wp-json\/wp\/v2\/categories?post=2672"},{"taxonomy":"post_tag","embeddable":true,"href":"https:\/\/www.muhasebedersleri.com\/haber\/wp-json\/wp\/v2\/tags?post=2672"}],"curies":[{"name":"wp","href":"https:\/\/api.w.org\/{rel}","templated":true}]}}