{"id":1478,"date":"2014-09-10T16:59:07","date_gmt":"2014-09-10T13:59:07","guid":{"rendered":"http:\/\/www.muhasebedersleri.com\/blog\/?p=1478"},"modified":"2014-09-10T17:11:16","modified_gmt":"2014-09-10T14:11:16","slug":"torba-yasa-ile-gelen-yenilikler","status":"publish","type":"post","link":"https:\/\/www.muhasebedersleri.com\/blog\/torba-yasa-ile-gelen-yenilikler\/","title":{"rendered":"Torba Yasa \u0130le Gelen Yenilikler"},"content":{"rendered":"<p>Torba yasa 10 Eyl\u00fcl 2014 tarihi itibari Meclis&#8217;ten ge\u00e7ti. 148 maddeden olu\u015fan <strong>Torba Yasa<\/strong>\u00a0ile gelen ba\u015fl\u0131ca yenilikler \u015f\u00f6yledir.<\/p>\n<p><strong>&#8211;\u00a0<\/strong>31 Aral\u0131k 2014 tarihine kadar 35 bin \u00f6\u011fretmen atanacak.<\/p>\n<p><strong>&#8211; <\/strong>Vergi as\u0131llar\u0131n\u0131n tamam\u0131, cezalar\u0131n tamam\u0131 yeniden yap\u0131land\u0131rma kapsam\u0131nda tahsil edilecek.<\/p>\n<p><strong>&#8211;\u00a0<\/strong>Yasak yerlerde t\u00fct\u00fcn mamulleri t\u00fcketenlere verilen idari para cezalar\u0131 hari\u00e7 olmak \u00fczere, ilgilisine tebli\u011f edilmemi\u015f olan 120 TL&#8217;nin alt\u0131ndaki idari para cezalar\u0131 tahsil edilmeyecek.<\/p>\n<p><strong>&#8211; <\/strong>Soma&#8217;daki maden facias\u0131nda hayat\u0131n\u0131 kaybeden sigortal\u0131lar\u0131n SGK&#8217;ya olan her t\u00fcrl\u00fc bor\u00e7lar\u0131 silinecek. Maden kazas\u0131nda \u00f6lenlerin e\u015f ya da \u00e7ocuklar\u0131ndan birisi, e\u015fi ya da \u00e7ocu\u011fu yoksa karde\u015flerinden birisi olmak \u00fczere, toplam bir ki\u015fi kamuda istihdam edilecek.<\/p>\n<p><strong>&#8211;<\/strong>\u00a0Yeralt\u0131 i\u015flerinde \u00e7al\u0131\u015fan i\u015f\u00e7ilerde k\u0131dem \u015fart\u0131 aranmayacak. Buna g\u00f6re, yeralt\u0131 i\u015flerinde bir g\u00fcn dahi \u00e7al\u0131\u015fanlar k\u0131dem tazminat\u0131ndan yararlanabilecek.\u00a0\u0130\u015f\u00e7ilerin yeralt\u0131ndaki \u00e7al\u0131\u015fma s\u00fcresi haftada en \u00e7ok 36 saat olacak, g\u00fcnl\u00fck \u00e7al\u0131\u015fma s\u00fcresi 6 saati ge\u00e7emeyecek.<\/p>\n<p><strong>&#8211;<\/strong>\u00a0Yeralt\u0131 maden i\u015flerinde \u00e7al\u0131\u015fan i\u015f\u00e7ilerin emeklilik ya\u015f\u0131 55&#8217;ten 50&#8217;ye d\u00fc\u015f\u00fcr\u00fclecek.<\/p>\n<p><strong>&#8211;<\/strong>\u00a0<span style=\"color: #333333;\">\u0130nternet Ortam\u0131nda Yap\u0131lan Yay\u0131nlar\u0131n D\u00fczenlenmesi ve Bu Yay\u0131nlar Yoluyla \u0130\u015flenen Su\u00e7larla M\u00fccadele Edilmesi Hakk\u0131nda Kanun&#8217;da da de\u011fi\u015fikli\u011fe gidilerek,eri\u015fimin engellenmesi karar\u0131n\u0131n gere\u011finin yerine getirilmesinde azami s\u00fcre 24 saatten 4 saate indiriliyor.<\/span><\/p>\n<p><strong>&#8211;<\/strong>\u00a0<span style=\"color: #333333;\">SGK kapsam\u0131ndaki i\u015f yerlerinin 31 Aral\u0131k 2013 tarihi \u00f6ncesine ait \u00f6denmemi\u015f sigorta primi, i\u015fsizlik sigortas\u0131 primi, sosyal g\u00fcvenlik destek primi ve idari para cezas\u0131 ile e\u011fitime katk\u0131 pay\u0131, \u00f6zel i\u015flem vergisi ve damga vergisi bor\u00e7lar\u0131ndan 100 TL&#8217;yi a\u015fmayan asli alacaklar\u0131 ve tutar\u0131na bak\u0131lmaks\u0131z\u0131n bu as\u0131llar\u0131n gecikme cezas\u0131 tahsilinden vazge\u00e7ilecek.<\/span><\/p>\n<p><strong>&#8211;<\/strong>\u00a0<span style=\"color: #333333;\">Karayollar\u0131 Genel M\u00fcd\u00fcrl\u00fc\u011f\u00fc Kanunu gere\u011fince verilen idari para cezas\u0131 ile birlikte ilgilisine tebli\u011fi gereken ve tutar\u0131 12 TL ve alt\u0131nda kalan ge\u00e7i\u015f \u00fccretleri tahsilinden de vazge\u00e7ilecek.<\/span><\/p>\n<p><strong>&#8211;<\/strong>\u00a0<span style=\"color: #333333;\">Mahkemelerin kamu g\u00f6revlileri hakk\u0131nda verdi\u011fi atama, g\u00f6revden alma, g\u00f6reve son verme, yer de\u011fi\u015ftirme, g\u00f6rev ve unvan de\u011fi\u015fikli\u011fiyle ilgili iptal ve y\u00fcr\u00fctmenin durdurulmas\u0131na ili\u015fkin kararlar\u0131n gere\u011fi iki y\u0131l i\u00e7inde yerine getirilecek.<\/span><\/p>\n<p><strong>&#8211;\u00a0<\/strong><span style=\"color: #333333;\">Kanun, SGK bor\u00e7lar\u0131n\u0131 da yeniden yap\u0131land\u0131rarak, gecikme cezas\u0131 ve gecikme zamm\u0131n\u0131 yeniden d\u00fczenliyor. Buna g\u00f6re, 2014 y\u0131l\u0131 nisan ay\u0131 ve \u00f6nceki aylara ili\u015fkin \u00f6denmemi\u015f olan sigorta primi, emeklilik kesene\u011fi, kurum kar\u015f\u0131l\u0131\u011f\u0131, i\u015fsizlik sigortas\u0131 primi, sosyal g\u00fcvenlik destek primi i\u00e7in hesaplanacak tutar\u0131n \u00f6denmesi halinde, bu alacaklara uygulanan gecikme cezas\u0131 ve gecikme zamm\u0131 gibi alacaklar\u0131n tamam\u0131n\u0131n tahsilinden vazge\u00e7ilecek.<\/span><\/p>\n<p><strong>&#8211;<\/strong>\u00a0<span style=\"color: #333333;\">\u0130dari para cezalar\u0131 ile ilgili yeni d\u00fczenlemeye g\u00f6re, 30 Nisan 2014 tarihine kadar \u00f6denmemi\u015f olan idari para cezas\u0131n\u0131n y\u00fczde 50&#8217;si Y\u0130-\u00dcFE ayl\u0131k de\u011fi\u015fim oranlar\u0131 esas al\u0131narak \u00f6denmesi halinde, cezan\u0131n kalan y\u00fczde 50&#8217;si ile idari para cezas\u0131na uygulanan gecikme cezas\u0131 ve gecikme zamm\u0131n\u0131n tahsilinden vazge\u00e7ilecek.<\/span><\/p>\n<p><strong>&#8211;\u00a0<\/strong><span style=\"color: #333333;\">Gen\u00e7lik ve Spor Bakanl\u0131\u011f\u0131, T\u00fcrkiye Futbol Federasyonu ve \u00f6zerk spor federasyonlar\u0131na tescil edilmi\u015f olan ve T\u00fcrkiye&#8217;de sportif alanda faaliyette bulunan spor kul\u00fcpleri, SGK ile Maliye&#8217;ye olan bor\u00e7lar\u0131n\u0131 iki\u015fer ayl\u0131k d\u00f6nemler halinde azami 42 e\u015fit taksitte \u00f6deyebilecek.<\/span><\/p>\n<p><strong>&#8211;\u00a0<\/strong><span style=\"color: #333333;\">TBMM Genel Kurulu&#8217;nda kabul edilen &#8220;Torba Kanuna&#8221; g\u00f6re, ara\u00e7 muayenesini zaman\u0131nda yapt\u0131rmam\u0131\u015f olanlar, 31 Aral\u0131k 2014&#8217;e kadar ara\u00e7 muayenesini yapt\u0131r\u0131rsa ayl\u0131k y\u00fczde 5 ceza yerine kanunun yay\u0131mland\u0131\u011f\u0131 tarihe kadar enflasyon fark\u0131n\u0131; yay\u0131m\u0131 izleyen aylarda ise ayl\u0131k y\u00fczde 1 fark\u0131 \u00f6deyecek. Bakanlar Kurulu, bu s\u00fcreyi 30 Haziran 2015&#8217;e kadar uzatmaya yetkili olacak.<\/span><\/p>\n<p><strong>&#8211;<\/strong>\u00a0<span style=\"color: #333333;\">G\u00fcmr\u00fck ve Ticaret Bakanl\u0131\u011f\u0131&#8217;nca takip ve tahsil edilen alacaklar da yeniden yap\u0131land\u0131r\u0131l\u0131yor. 30 Nisan 2014&#8217;ten \u00f6nce \u00f6denmemi\u015f g\u00fcmr\u00fck vergileri ve cezalar\u0131 ile bunlara ba\u011fl\u0131 idari para cezalar\u0131, faiz, gecikme faizi ve gecikme alacaklar\u0131 yerine, enflasyon fark\u0131n\u0131n \u00f6denmesi halinde, faiz ve gecikme faizi gibi di\u011fer alacaklardan vazge\u00e7ilecek.<\/span><\/p>\n<p><strong>&#8211;\u00a0<\/strong><span style=\"color: #333333;\">Milli E\u011fitim Bakanl\u0131\u011f\u0131 ve \u00d6SYM&#8217;nin merkezi s\u0131navlar\u0131 hakk\u0131nda a\u00e7\u0131lan davalarda h\u0131zl\u0131 yarg\u0131lama \u00f6ng\u00f6r\u00fcl\u00fcyor. Merkezi s\u0131navlar veya sonu\u00e7lar\u0131na ili\u015fkin dava a\u00e7ma s\u00fcresi 10 g\u00fcn olacak. Dava dilek\u00e7esinin tebli\u011finden itibaren 3 g\u00fcn i\u00e7inde savunma yap\u0131lacak. Bu s\u00fcre bir kereli\u011fine ve en fazla 3 g\u00fcn uzat\u0131labilecek. Y\u00fcr\u00fctmenin durdurulmas\u0131 karar\u0131 verilemeyecek.<\/span><\/p>\n<p><strong>&#8211;\u00a0<\/strong><span style=\"color: #333333;\">Linyit ve ta\u015fk\u00f6m\u00fcr\u00fcn\u00fcn \u00e7\u0131kar\u0131ld\u0131\u011f\u0131 maden i\u015f yerlerinde \u00e7al\u0131\u015fan i\u015f\u00e7ilere \u00f6denecek \u00fccret, asgari \u00fccretin iki kat\u0131ndan az olmayacak.<\/span><\/p>\n<p><strong>&#8211;<\/strong>\u00a0<span style=\"color: #333333;\">Ev hizmetlerinde ayn\u0131 ki\u015fi yan\u0131nda ay i\u00e7inde 10 g\u00fcnden az \u00e7al\u0131\u015fanlar ad\u0131na g\u00fcnl\u00fck kazan\u00e7 alt s\u0131n\u0131r\u0131n\u0131n y\u00fczde 2&#8217;si oran\u0131nda i\u015f kazas\u0131 ve meslek hastal\u0131\u011f\u0131 sigortas\u0131 primi \u00e7al\u0131\u015ft\u0131ranlar taraf\u0131ndan \u00f6denecek.<\/span><\/p>\n<p><strong>&#8211;<\/strong>\u00a0<span style=\"color: #333333;\">Ev hizmetinde 10 g\u00fcnden fazla \u00e7al\u0131\u015fanlar, &#8220;hizmet akdi ile bir veya birden fazla i\u015fveren taraf\u0131ndan \u00e7al\u0131\u015ft\u0131r\u0131lanlar&#8221; kapsam\u0131nda sigortal\u0131 yap\u0131lacak. Sigorta bildirimini en ge\u00e7 \u00e7al\u0131\u015fman\u0131n ge\u00e7ti\u011fi ay\u0131n sonuna kadar yapmayan i\u015fverene asgari \u00fccret tutar\u0131nda ceza kesilecek.<\/span><\/p>\n<p><strong>&#8211;<\/strong>\u00a0<span style=\"color: #333333;\">\u0130stanbul&#8217;da Ata\u015fehir ve \u00dcmraniye il\u00e7elerinin hudutlar\u0131, 04 ve E-80 karayolu s\u0131n\u0131r olarak tayin edilerek yeniden belirleniyor.<\/span><\/p>\n","protected":false},"excerpt":{"rendered":"<p>Torba yasa 10 Eyl\u00fcl 2014 tarihi itibari Meclis&#8217;ten ge\u00e7ti. Torba yasa ile gelen ba\u015fl\u0131ca yenilikler \u015f\u00f6yledir.<\/p>\n<p>&#8211; 31 Aral\u0131k 2014 tarihine kadar 35 bin \u00f6\u011fretmen atanacak.<\/p>\n<p>&#8211; Vergi as\u0131llar\u0131n\u0131n tamam\u0131, cezalar\u0131n tamam\u0131 yeniden yap\u0131land\u0131rma kapsam\u0131nda tahsil edilecek.<\/p>\n<p>&#8211; Yasak yerlerde t\u00fct\u00fcn mamulleri t\u00fcketenlere verilen idari para cezalar\u0131 hari\u00e7 olmak \u00fczere, ilgilisine tebli\u011f edilmemi\u015f olan 120 TL&#8217;nin alt\u0131ndaki idari para cezalar\u0131 tahsil edilmeyecek<\/p>\n","protected":false},"author":1,"featured_media":0,"comment_status":"open","ping_status":"open","sticky":false,"template":"","format":"standard","meta":{"footnotes":""},"categories":[30],"tags":[209,316,314,318,315,313,317,312],"class_list":["post-1478","post","type-post","status-publish","format-standard","","category-genel","tag-209","tag-eylul","tag-gecen","tag-gecti","tag-kabul","tag-maddeler","tag-meclis","tag-torba-yasa"],"yoast_head":"<!-- This site is optimized with the Yoast SEO plugin v19.5.1 - https:\/\/yoast.com\/wordpress\/plugins\/seo\/ -->\n<title>Torba Yasa \u0130le Gelen Yenilikler<\/title>\n<meta name=\"robots\" content=\"index, follow, max-snippet:-1, max-image-preview:large, max-video-preview:-1\" \/>\n<link rel=\"canonical\" href=\"https:\/\/www.muhasebedersleri.com\/blog\/torba-yasa-ile-gelen-yenilikler\/\" \/>\n<meta property=\"og:locale\" content=\"tr_TR\" \/>\n<meta property=\"og:type\" content=\"article\" \/>\n<meta property=\"og:title\" content=\"Torba Yasa \u0130le Gelen Yenilikler\" \/>\n<meta property=\"og:description\" content=\"Torba yasa 10 Eyl\u00fcl 2014 tarihi itibari Meclis&#039;ten ge\u00e7ti. Torba yasa ile gelen ba\u015fl\u0131ca yenilikler \u015f\u00f6yledir.  - 31 Aral\u0131k 2014 tarihine kadar 35 bin \u00f6\u011fretmen atanacak.  - Vergi as\u0131llar\u0131n\u0131n tamam\u0131, cezalar\u0131n tamam\u0131 yeniden yap\u0131land\u0131rma kapsam\u0131nda tahsil edilecek.  - Yasak yerlerde t\u00fct\u00fcn mamulleri t\u00fcketenlere verilen idari para cezalar\u0131 hari\u00e7 olmak \u00fczere, ilgilisine tebli\u011f edilmemi\u015f olan 120 TL&#039;nin alt\u0131ndaki idari para cezalar\u0131 tahsil edilmeyecek\" \/>\n<meta property=\"og:url\" content=\"https:\/\/www.muhasebedersleri.com\/blog\/torba-yasa-ile-gelen-yenilikler\/\" \/>\n<meta property=\"og:site_name\" content=\"Muhasebe Blog\" \/>\n<meta property=\"article:published_time\" content=\"2014-09-10T13:59:07+00:00\" \/>\n<meta property=\"article:modified_time\" content=\"2014-09-10T14:11:16+00:00\" \/>\n<meta name=\"author\" content=\"Ahmet\" \/>\n<meta name=\"twitter:card\" content=\"summary_large_image\" \/>\n<meta name=\"twitter:label1\" content=\"Yazan:\" \/>\n\t<meta name=\"twitter:data1\" content=\"Ahmet\" \/>\n\t<meta name=\"twitter:label2\" content=\"Tahmini okuma s\u00fcresi\" \/>\n\t<meta name=\"twitter:data2\" content=\"5 dakika\" \/>\n<script type=\"application\/ld+json\" class=\"yoast-schema-graph\">{\"@context\":\"https:\/\/schema.org\",\"@graph\":[{\"@type\":\"WebPage\",\"@id\":\"https:\/\/www.muhasebedersleri.com\/blog\/torba-yasa-ile-gelen-yenilikler\/\",\"url\":\"https:\/\/www.muhasebedersleri.com\/blog\/torba-yasa-ile-gelen-yenilikler\/\",\"name\":\"Torba Yasa \u0130le Gelen Yenilikler\",\"isPartOf\":{\"@id\":\"https:\/\/www.muhasebedersleri.com\/blog\/#website\"},\"datePublished\":\"2014-09-10T13:59:07+00:00\",\"dateModified\":\"2014-09-10T14:11:16+00:00\",\"author\":{\"@id\":\"https:\/\/www.muhasebedersleri.com\/blog\/#\/schema\/person\/30e5803c17e4ed23e09c6224c564f10d\"},\"breadcrumb\":{\"@id\":\"https:\/\/www.muhasebedersleri.com\/blog\/torba-yasa-ile-gelen-yenilikler\/#breadcrumb\"},\"inLanguage\":\"tr\",\"potentialAction\":[{\"@type\":\"ReadAction\",\"target\":[\"https:\/\/www.muhasebedersleri.com\/blog\/torba-yasa-ile-gelen-yenilikler\/\"]}]},{\"@type\":\"BreadcrumbList\",\"@id\":\"https:\/\/www.muhasebedersleri.com\/blog\/torba-yasa-ile-gelen-yenilikler\/#breadcrumb\",\"itemListElement\":[{\"@type\":\"ListItem\",\"position\":1,\"name\":\"Ana sayfa\",\"item\":\"https:\/\/www.muhasebedersleri.com\/blog\/\"},{\"@type\":\"ListItem\",\"position\":2,\"name\":\"Torba Yasa \u0130le Gelen Yenilikler\"}]},{\"@type\":\"WebSite\",\"@id\":\"https:\/\/www.muhasebedersleri.com\/blog\/#website\",\"url\":\"https:\/\/www.muhasebedersleri.com\/blog\/\",\"name\":\"Muhasebe Blog\",\"description\":\"Muhasebe hakk\u0131nda her\u015fey\",\"potentialAction\":[{\"@type\":\"SearchAction\",\"target\":{\"@type\":\"EntryPoint\",\"urlTemplate\":\"https:\/\/www.muhasebedersleri.com\/blog\/?s={search_term_string}\"},\"query-input\":\"required name=search_term_string\"}],\"inLanguage\":\"tr\"},{\"@type\":\"Person\",\"@id\":\"https:\/\/www.muhasebedersleri.com\/blog\/#\/schema\/person\/30e5803c17e4ed23e09c6224c564f10d\",\"name\":\"Ahmet\",\"image\":{\"@type\":\"ImageObject\",\"inLanguage\":\"tr\",\"@id\":\"https:\/\/www.muhasebedersleri.com\/blog\/#\/schema\/person\/image\/\",\"url\":\"https:\/\/secure.gravatar.com\/avatar\/942b45aca9690df47674327d843d43de?s=96&d=mm&r=g\",\"contentUrl\":\"https:\/\/secure.gravatar.com\/avatar\/942b45aca9690df47674327d843d43de?s=96&d=mm&r=g\",\"caption\":\"Ahmet\"},\"url\":\"https:\/\/www.muhasebedersleri.com\/blog\/author\/hakan\/\"}]}<\/script>\n<!-- \/ Yoast SEO plugin. -->","yoast_head_json":{"title":"Torba Yasa \u0130le Gelen Yenilikler","robots":{"index":"index","follow":"follow","max-snippet":"max-snippet:-1","max-image-preview":"max-image-preview:large","max-video-preview":"max-video-preview:-1"},"canonical":"https:\/\/www.muhasebedersleri.com\/blog\/torba-yasa-ile-gelen-yenilikler\/","og_locale":"tr_TR","og_type":"article","og_title":"Torba Yasa \u0130le Gelen Yenilikler","og_description":"Torba yasa 10 Eyl\u00fcl 2014 tarihi itibari Meclis'ten ge\u00e7ti. Torba yasa ile gelen ba\u015fl\u0131ca yenilikler \u015f\u00f6yledir.  - 31 Aral\u0131k 2014 tarihine kadar 35 bin \u00f6\u011fretmen atanacak.  - Vergi as\u0131llar\u0131n\u0131n tamam\u0131, cezalar\u0131n tamam\u0131 yeniden yap\u0131land\u0131rma kapsam\u0131nda tahsil edilecek.  - Yasak yerlerde t\u00fct\u00fcn mamulleri t\u00fcketenlere verilen idari para cezalar\u0131 hari\u00e7 olmak \u00fczere, ilgilisine tebli\u011f edilmemi\u015f olan 120 TL'nin alt\u0131ndaki idari para cezalar\u0131 tahsil edilmeyecek","og_url":"https:\/\/www.muhasebedersleri.com\/blog\/torba-yasa-ile-gelen-yenilikler\/","og_site_name":"Muhasebe Blog","article_published_time":"2014-09-10T13:59:07+00:00","article_modified_time":"2014-09-10T14:11:16+00:00","author":"Ahmet","twitter_card":"summary_large_image","twitter_misc":{"Yazan:":"Ahmet","Tahmini okuma s\u00fcresi":"5 dakika"},"schema":{"@context":"https:\/\/schema.org","@graph":[{"@type":"WebPage","@id":"https:\/\/www.muhasebedersleri.com\/blog\/torba-yasa-ile-gelen-yenilikler\/","url":"https:\/\/www.muhasebedersleri.com\/blog\/torba-yasa-ile-gelen-yenilikler\/","name":"Torba Yasa \u0130le Gelen Yenilikler","isPartOf":{"@id":"https:\/\/www.muhasebedersleri.com\/blog\/#website"},"datePublished":"2014-09-10T13:59:07+00:00","dateModified":"2014-09-10T14:11:16+00:00","author":{"@id":"https:\/\/www.muhasebedersleri.com\/blog\/#\/schema\/person\/30e5803c17e4ed23e09c6224c564f10d"},"breadcrumb":{"@id":"https:\/\/www.muhasebedersleri.com\/blog\/torba-yasa-ile-gelen-yenilikler\/#breadcrumb"},"inLanguage":"tr","potentialAction":[{"@type":"ReadAction","target":["https:\/\/www.muhasebedersleri.com\/blog\/torba-yasa-ile-gelen-yenilikler\/"]}]},{"@type":"BreadcrumbList","@id":"https:\/\/www.muhasebedersleri.com\/blog\/torba-yasa-ile-gelen-yenilikler\/#breadcrumb","itemListElement":[{"@type":"ListItem","position":1,"name":"Ana sayfa","item":"https:\/\/www.muhasebedersleri.com\/blog\/"},{"@type":"ListItem","position":2,"name":"Torba Yasa \u0130le Gelen Yenilikler"}]},{"@type":"WebSite","@id":"https:\/\/www.muhasebedersleri.com\/blog\/#website","url":"https:\/\/www.muhasebedersleri.com\/blog\/","name":"Muhasebe Blog","description":"Muhasebe hakk\u0131nda her\u015fey","potentialAction":[{"@type":"SearchAction","target":{"@type":"EntryPoint","urlTemplate":"https:\/\/www.muhasebedersleri.com\/blog\/?s={search_term_string}"},"query-input":"required name=search_term_string"}],"inLanguage":"tr"},{"@type":"Person","@id":"https:\/\/www.muhasebedersleri.com\/blog\/#\/schema\/person\/30e5803c17e4ed23e09c6224c564f10d","name":"Ahmet","image":{"@type":"ImageObject","inLanguage":"tr","@id":"https:\/\/www.muhasebedersleri.com\/blog\/#\/schema\/person\/image\/","url":"https:\/\/secure.gravatar.com\/avatar\/942b45aca9690df47674327d843d43de?s=96&d=mm&r=g","contentUrl":"https:\/\/secure.gravatar.com\/avatar\/942b45aca9690df47674327d843d43de?s=96&d=mm&r=g","caption":"Ahmet"},"url":"https:\/\/www.muhasebedersleri.com\/blog\/author\/hakan\/"}]}},"views":6823,"_links":{"self":[{"href":"https:\/\/www.muhasebedersleri.com\/blog\/wp-json\/wp\/v2\/posts\/1478","targetHints":{"allow":["GET"]}}],"collection":[{"href":"https:\/\/www.muhasebedersleri.com\/blog\/wp-json\/wp\/v2\/posts"}],"about":[{"href":"https:\/\/www.muhasebedersleri.com\/blog\/wp-json\/wp\/v2\/types\/post"}],"author":[{"embeddable":true,"href":"https:\/\/www.muhasebedersleri.com\/blog\/wp-json\/wp\/v2\/users\/1"}],"replies":[{"embeddable":true,"href":"https:\/\/www.muhasebedersleri.com\/blog\/wp-json\/wp\/v2\/comments?post=1478"}],"version-history":[{"count":6,"href":"https:\/\/www.muhasebedersleri.com\/blog\/wp-json\/wp\/v2\/posts\/1478\/revisions"}],"predecessor-version":[{"id":1484,"href":"https:\/\/www.muhasebedersleri.com\/blog\/wp-json\/wp\/v2\/posts\/1478\/revisions\/1484"}],"wp:attachment":[{"href":"https:\/\/www.muhasebedersleri.com\/blog\/wp-json\/wp\/v2\/media?parent=1478"}],"wp:term":[{"taxonomy":"category","embeddable":true,"href":"https:\/\/www.muhasebedersleri.com\/blog\/wp-json\/wp\/v2\/categories?post=1478"},{"taxonomy":"post_tag","embeddable":true,"href":"https:\/\/www.muhasebedersleri.com\/blog\/wp-json\/wp\/v2\/tags?post=1478"}],"curies":[{"name":"wp","href":"https:\/\/api.w.org\/{rel}","templated":true}]}}