{"id":638,"date":"2013-01-26T12:27:59","date_gmt":"2013-01-26T10:27:59","guid":{"rendered":"http:\/\/www.muhasebedersleri.com\/haber\/?p=638"},"modified":"2013-12-01T11:27:45","modified_gmt":"2013-12-01T09:27:45","slug":"resmi-ilan-fiyat-tarifesi","status":"publish","type":"post","link":"http:\/\/www.muhasebedersleri.com\/haber\/resmi-ilan-fiyat-tarifesi\/","title":{"rendered":"Resmi \u0130lan Fiyat Tarifesi, Resmi \u0130lanlar\u0131n Yay\u0131n \u00dccretleri"},"content":{"rendered":"<p>Resmi Gazete,\u00a026 Ocak\u00a02013\u00a0\u00a0CUMARTES\u0130,\u00a0Say\u0131 : 28540,\u00a0<strong><\/strong>BAKANLAR KURULU KARARI<\/p>\n<p><strong>RESM\u0130\u00a0\u0130LAN F\u0130YAT TAR\u0130FES\u0130<\/strong><\/p>\n<p><strong><\/strong><b><span style=\"text-decoration: underline;\">Karar\u00a0Say\u0131s\u0131 : 2013\/4211<\/span><\/b><\/p>\n<p>Resmi ilan fiyatlar\u0131n\u0131n ekli tarifede g\u00f6sterildi\u011fi \u015fekilde tespit edilmesi ve\u00a05\/3\/2012\u00a0tarihli ve 2012\/2967 say\u0131l\u0131 Kararnamenin y\u00fcr\u00fcrl\u00fckten kald\u0131r\u0131lmas\u0131; Bas\u0131n \u0130lan Kurumu Genel Kurulunun teklifi \u00fczerine, 2\/1\/1961 tarihli ve 195 say\u0131l\u0131 Kanunun 39 uncu maddesine g\u00f6re, Bakanlar Kurulu\u2019nca 14\/1\/2013 tarihinde kararla\u015ft\u0131r\u0131lm\u0131\u015ft\u0131r.<\/p>\n<p>14\/1\/2013\u00a0TAR\u0130HL\u0130\u00a0VE 2013\/4211 SAYILI<\/p>\n<p>KARARNAMEN\u0130N EK\u0130<\/p>\n<p>RESM\u00ce\u00a0\u0130L\u00c2N F\u0130YAT TAR\u0130FES\u0130<\/p>\n<p>Resm\u00ee\u00a0il\u00e2nlar\u0131n fiyat tarifesi 195 say\u0131l\u0131\u00a0Kanunun 39 uncu maddesi uyar\u0131nca a\u015fa\u011f\u0131daki\u00a0\u015fekilde tespit edilmi\u015ftir.<\/p>\n<p>1. Resmi il\u00e2nlar\u0131n yay\u0131n\u00a0\u00fccreti, tek s\u00fctunda bir santimetrelik boy ile\u00a0\u00f6l\u00e7\u00fclmek suretiyle tespit edilir.<\/p>\n<p>Ancak, birden fazla s\u00fctunu kapsayacak\u00a0\u015fekilde yay\u0131nlanan il\u00e2nlar\u0131n s\u00fctun say\u0131s\u0131n\u0131n belirlenmesinde; 10 puntoluk metin harfleri ile dizilen il\u00e2n metinleri i\u00e7in tek s\u00fctun geni\u015fli\u011fi 40 milimetre, 8 puntoluk metin harfleri ile dizilen il\u00e2n metinleri i\u00e7in tek s\u00fctun geni\u015fli\u011fi 36 milimetre olacak\u00a0\u015fekilde, k\u0131yasen i\u015flem yap\u0131l\u0131r. Tek s\u00fctun olarak yay\u0131nlanan il\u00e2nlarda ise s\u00fctun geni\u015fli\u011fi bu f\u0131kra h\u00fckm\u00fcndeki esaslar d\u00e2hilinde belirlenir.<\/p>\n<p>An\u0131lan il\u00e2nlar\u0131n bu s\u00fctun geni\u015fliklerine g\u00f6re\u00a0\u00f6l\u00e7\u00fcmlenebilmesi i\u00e7in, gazetelerin i\u00e7eriklerindeki di\u011fer yaz\u0131metinlerinin dizgisinde de yukar\u0131da belirtilen punto b\u00fcy\u00fckl\u00fcklerindeki metin harflerinin kullan\u0131lmas\u0131\u00a0as\u0131ld\u0131r.<\/p>\n<p>Resm\u00ee\u00a0il\u00e2n ba\u015fl\u0131klar\u0131n\u0131n 24 puntoyu ge\u00e7memesi ve bu ba\u015fl\u0131klar\u0131n il\u00e2n metinleri ile m\u00fctenasip olmas\u0131\u00a0\u015fartt\u0131r. Ba\u015fl\u0131k d\u0131\u015f\u0131nda 10 puntoluk metin harfleriyle dizilen il\u00e2nlar\u0131n 5 santimetrelik k\u0131sm\u0131nda en az 12 sat\u0131r, 8 puntoluk metin harfleriyle dizilen il\u00e2nlar\u0131n 5 santimetrelik k\u0131sm\u0131nda ise yine en az 14 sat\u0131r yaz\u0131\u00a0bulunur.\u00a0\u0130l\u00e2n metinlerinde 8 puntodan k\u00fc\u00e7\u00fck harfler kullan\u0131lmaz.<\/p>\n<p>Daha b\u00fcy\u00fck puntolu harflerle ve daha dar s\u00fctuna dizilen il\u00e2nlar, yukar\u0131daki a\u00e7\u0131klamalar\u00a0\u00e7er\u00e7evesinde k\u0131yasen hesaplan\u0131r.<\/p>\n<p>2. Resm\u00ee\u00a0il\u00e2nlar\u0131n bir santimetresinin tek s\u00fctundaki yay\u0131n\u00a0\u00fccreti 8,40 TL\u2019dir.<\/p>\n<p>\u015eu kadar ki, g\u00fcnl\u00fck fiili sat\u0131\u015f\u00a0ortalamas\u0131, 10.000\u2019den az olmayan gazeteler i\u00e7in 9,25 TL, 25.000\u2019den az olmayan gazeteler i\u00e7in 18,00 TL, 50.000\u2019den az olmayan gazeteler i\u00e7in de 31,30 TL\u2019dir.<\/p>\n<p>Bu maddede belirtilen\u00a0\u00fccretlere KDV d\u00e2hil de\u011fildir.<\/p>\n<p>3. Resm\u00ee\u00a0il\u00e2nlar\u0131n tahmini bedelleri, Bas\u0131n\u00a0\u0130l\u00e2n Kurumunun tespit edece\u011fi esaslara g\u00f6re, il\u00e2n\u0131\u00a0verenler taraf\u0131ndan pe\u015fin olarak Kuruma\u00a0\u00f6denir ve fatura tanziminden sonra mahsup i\u015flemi yap\u0131l\u0131r.<\/p>\n<p>Kanuni engeller sebebiyle tahmini il\u00e2n bedellerini pe\u015fin\u00a0\u00f6deyemeyen merkezi y\u00f6netim kapsam\u0131ndaki kamu idareleri, faturan\u0131n kendilerine ula\u015fmas\u0131\u00a0\u00fczerine bor\u00e7lar\u0131n\u0131\u00a0derhal\u00a0\u00f6derler.<\/p>\n<p>4. Bu tarife, Resm\u00ee\u00a0Gazete\u2019de yay\u0131m\u0131n\u0131\u00a0takip eden\u00a0ay ba\u015f\u0131ndan\u00a0itibaren y\u00fcr\u00fcrl\u00fc\u011fe girer.<\/p>\n","protected":false},"excerpt":{"rendered":"<p>Resmi Gazete,\u00a026 Ocak\u00a02013\u00a0\u00a0CUMARTES\u0130,\u00a0Say\u0131 : 28540,\u00a0BAKANLAR KURULU KARARI RESM\u0130\u00a0\u0130LAN F\u0130YAT TAR\u0130FES\u0130 Karar\u00a0Say\u0131s\u0131 : 2013\/4211 Resmi ilan fiyatlar\u0131n\u0131n ekli tarifede g\u00f6sterildi\u011fi \u015fekilde tespit edilmesi ve\u00a05\/3\/2012\u00a0tarihli ve 2012\/2967 say\u0131l\u0131 Kararnamenin y\u00fcr\u00fcrl\u00fckten kald\u0131r\u0131lmas\u0131; Bas\u0131n \u0130lan Kurumu Genel Kurulunun teklifi \u00fczerine, 2\/1\/1961 tarihli ve 195 say\u0131l\u0131 Kanunun 39 uncu maddesine g\u00f6re, Bakanlar Kurulu\u2019nca 14\/1\/2013 tarihinde kararla\u015ft\u0131r\u0131lm\u0131\u015ft\u0131r. 14\/1\/2013\u00a0TAR\u0130HL\u0130\u00a0VE 2013\/4211 SAYILI KARARNAMEN\u0130N &hellip;<\/p>\n","protected":false},"author":1,"featured_media":0,"comment_status":"open","ping_status":"open","sticky":false,"template":"","format":"standard","meta":{"footnotes":""},"categories":[28],"tags":[23,322,320,319,143,34,321],"class_list":["post-638","post","type-post","status-publish","format-standard","","category-resmi-gazete","tag-23","tag-fiyat","tag-ilan","tag-resmi","tag-tarife","tag-ucret","tag-yayin"],"yoast_head":"<!-- This site is optimized with the Yoast SEO plugin v24.5 - https:\/\/yoast.com\/wordpress\/plugins\/seo\/ -->\n<title>Resmi \u0130lan Fiyat Tarifesi, Resmi \u0130lanlar\u0131n Yay\u0131n \u00dccretleri<\/title>\n<meta name=\"robots\" content=\"index, follow, max-snippet:-1, max-image-preview:large, max-video-preview:-1\" \/>\n<link rel=\"canonical\" href=\"http:\/\/www.muhasebedersleri.com\/haber\/resmi-ilan-fiyat-tarifesi\/\" \/>\n<meta property=\"og:locale\" content=\"tr_TR\" \/>\n<meta property=\"og:type\" content=\"article\" \/>\n<meta property=\"og:title\" content=\"Resmi \u0130lan Fiyat Tarifesi, Resmi \u0130lanlar\u0131n Yay\u0131n \u00dccretleri\" \/>\n<meta property=\"og:description\" content=\"Resmi Gazete,\u00a026 Ocak\u00a02013\u00a0\u00a0CUMARTES\u0130,\u00a0Say\u0131 : 28540,\u00a0BAKANLAR KURULU KARARI RESM\u0130\u00a0\u0130LAN F\u0130YAT TAR\u0130FES\u0130 Karar\u00a0Say\u0131s\u0131 : 2013\/4211 Resmi ilan fiyatlar\u0131n\u0131n ekli tarifede g\u00f6sterildi\u011fi \u015fekilde tespit edilmesi ve\u00a05\/3\/2012\u00a0tarihli ve 2012\/2967 say\u0131l\u0131 Kararnamenin y\u00fcr\u00fcrl\u00fckten kald\u0131r\u0131lmas\u0131; Bas\u0131n \u0130lan Kurumu Genel Kurulunun teklifi \u00fczerine, 2\/1\/1961 tarihli ve 195 say\u0131l\u0131 Kanunun 39 uncu maddesine g\u00f6re, Bakanlar Kurulu\u2019nca 14\/1\/2013 tarihinde kararla\u015ft\u0131r\u0131lm\u0131\u015ft\u0131r. 14\/1\/2013\u00a0TAR\u0130HL\u0130\u00a0VE 2013\/4211 SAYILI KARARNAMEN\u0130N &hellip;\" \/>\n<meta property=\"og:url\" content=\"http:\/\/www.muhasebedersleri.com\/haber\/resmi-ilan-fiyat-tarifesi\/\" \/>\n<meta property=\"og:site_name\" content=\"Haberler\" \/>\n<meta property=\"article:published_time\" content=\"2013-01-26T10:27:59+00:00\" \/>\n<meta property=\"article:modified_time\" content=\"2013-12-01T09:27:45+00:00\" \/>\n<meta name=\"author\" content=\"hkn\" \/>\n<meta name=\"twitter:card\" content=\"summary_large_image\" \/>\n<meta name=\"twitter:label1\" content=\"Yazan:\" \/>\n\t<meta name=\"twitter:data1\" content=\"hkn\" \/>\n\t<meta name=\"twitter:label2\" content=\"Tahmini okuma s\u00fcresi\" \/>\n\t<meta name=\"twitter:data2\" content=\"2 dakika\" \/>\n<script type=\"application\/ld+json\" class=\"yoast-schema-graph\">{\"@context\":\"https:\/\/schema.org\",\"@graph\":[{\"@type\":\"WebPage\",\"@id\":\"http:\/\/www.muhasebedersleri.com\/haber\/resmi-ilan-fiyat-tarifesi\/\",\"url\":\"http:\/\/www.muhasebedersleri.com\/haber\/resmi-ilan-fiyat-tarifesi\/\",\"name\":\"Resmi \u0130lan Fiyat Tarifesi, Resmi \u0130lanlar\u0131n Yay\u0131n \u00dccretleri\",\"isPartOf\":{\"@id\":\"http:\/\/www.muhasebedersleri.com\/haber\/#website\"},\"datePublished\":\"2013-01-26T10:27:59+00:00\",\"dateModified\":\"2013-12-01T09:27:45+00:00\",\"author\":{\"@id\":\"http:\/\/www.muhasebedersleri.com\/haber\/#\/schema\/person\/6a28a468bdcf8a45f6a1f6fbb4f18137\"},\"breadcrumb\":{\"@id\":\"http:\/\/www.muhasebedersleri.com\/haber\/resmi-ilan-fiyat-tarifesi\/#breadcrumb\"},\"inLanguage\":\"tr\",\"potentialAction\":[{\"@type\":\"ReadAction\",\"target\":[\"http:\/\/www.muhasebedersleri.com\/haber\/resmi-ilan-fiyat-tarifesi\/\"]}]},{\"@type\":\"BreadcrumbList\",\"@id\":\"http:\/\/www.muhasebedersleri.com\/haber\/resmi-ilan-fiyat-tarifesi\/#breadcrumb\",\"itemListElement\":[{\"@type\":\"ListItem\",\"position\":1,\"name\":\"Ana sayfa\",\"item\":\"http:\/\/www.muhasebedersleri.com\/haber\/\"},{\"@type\":\"ListItem\",\"position\":2,\"name\":\"Resmi \u0130lan Fiyat Tarifesi, Resmi \u0130lanlar\u0131n Yay\u0131n \u00dccretleri\"}]},{\"@type\":\"WebSite\",\"@id\":\"http:\/\/www.muhasebedersleri.com\/haber\/#website\",\"url\":\"http:\/\/www.muhasebedersleri.com\/haber\/\",\"name\":\"Haberler\",\"description\":\"Muhasebe haber\",\"potentialAction\":[{\"@type\":\"SearchAction\",\"target\":{\"@type\":\"EntryPoint\",\"urlTemplate\":\"http:\/\/www.muhasebedersleri.com\/haber\/?s={search_term_string}\"},\"query-input\":{\"@type\":\"PropertyValueSpecification\",\"valueRequired\":true,\"valueName\":\"search_term_string\"}}],\"inLanguage\":\"tr\"},{\"@type\":\"Person\",\"@id\":\"http:\/\/www.muhasebedersleri.com\/haber\/#\/schema\/person\/6a28a468bdcf8a45f6a1f6fbb4f18137\",\"name\":\"hkn\",\"image\":{\"@type\":\"ImageObject\",\"inLanguage\":\"tr\",\"@id\":\"http:\/\/www.muhasebedersleri.com\/haber\/#\/schema\/person\/image\/\",\"url\":\"https:\/\/secure.gravatar.com\/avatar\/942b45aca9690df47674327d843d43de?s=96&d=mm&r=g\",\"contentUrl\":\"https:\/\/secure.gravatar.com\/avatar\/942b45aca9690df47674327d843d43de?s=96&d=mm&r=g\",\"caption\":\"hkn\"},\"url\":\"http:\/\/www.muhasebedersleri.com\/haber\/author\/hkn\/\"}]}<\/script>\n<!-- \/ Yoast SEO plugin. -->","yoast_head_json":{"title":"Resmi \u0130lan Fiyat Tarifesi, Resmi \u0130lanlar\u0131n Yay\u0131n \u00dccretleri","robots":{"index":"index","follow":"follow","max-snippet":"max-snippet:-1","max-image-preview":"max-image-preview:large","max-video-preview":"max-video-preview:-1"},"canonical":"http:\/\/www.muhasebedersleri.com\/haber\/resmi-ilan-fiyat-tarifesi\/","og_locale":"tr_TR","og_type":"article","og_title":"Resmi \u0130lan Fiyat Tarifesi, Resmi \u0130lanlar\u0131n Yay\u0131n \u00dccretleri","og_description":"Resmi Gazete,\u00a026 Ocak\u00a02013\u00a0\u00a0CUMARTES\u0130,\u00a0Say\u0131 : 28540,\u00a0BAKANLAR KURULU KARARI RESM\u0130\u00a0\u0130LAN F\u0130YAT TAR\u0130FES\u0130 Karar\u00a0Say\u0131s\u0131 : 2013\/4211 Resmi ilan fiyatlar\u0131n\u0131n ekli tarifede g\u00f6sterildi\u011fi \u015fekilde tespit edilmesi ve\u00a05\/3\/2012\u00a0tarihli ve 2012\/2967 say\u0131l\u0131 Kararnamenin y\u00fcr\u00fcrl\u00fckten kald\u0131r\u0131lmas\u0131; Bas\u0131n \u0130lan Kurumu Genel Kurulunun teklifi \u00fczerine, 2\/1\/1961 tarihli ve 195 say\u0131l\u0131 Kanunun 39 uncu maddesine g\u00f6re, Bakanlar Kurulu\u2019nca 14\/1\/2013 tarihinde kararla\u015ft\u0131r\u0131lm\u0131\u015ft\u0131r. 14\/1\/2013\u00a0TAR\u0130HL\u0130\u00a0VE 2013\/4211 SAYILI KARARNAMEN\u0130N &hellip;","og_url":"http:\/\/www.muhasebedersleri.com\/haber\/resmi-ilan-fiyat-tarifesi\/","og_site_name":"Haberler","article_published_time":"2013-01-26T10:27:59+00:00","article_modified_time":"2013-12-01T09:27:45+00:00","author":"hkn","twitter_card":"summary_large_image","twitter_misc":{"Yazan:":"hkn","Tahmini okuma s\u00fcresi":"2 dakika"},"schema":{"@context":"https:\/\/schema.org","@graph":[{"@type":"WebPage","@id":"http:\/\/www.muhasebedersleri.com\/haber\/resmi-ilan-fiyat-tarifesi\/","url":"http:\/\/www.muhasebedersleri.com\/haber\/resmi-ilan-fiyat-tarifesi\/","name":"Resmi \u0130lan Fiyat Tarifesi, Resmi \u0130lanlar\u0131n Yay\u0131n \u00dccretleri","isPartOf":{"@id":"http:\/\/www.muhasebedersleri.com\/haber\/#website"},"datePublished":"2013-01-26T10:27:59+00:00","dateModified":"2013-12-01T09:27:45+00:00","author":{"@id":"http:\/\/www.muhasebedersleri.com\/haber\/#\/schema\/person\/6a28a468bdcf8a45f6a1f6fbb4f18137"},"breadcrumb":{"@id":"http:\/\/www.muhasebedersleri.com\/haber\/resmi-ilan-fiyat-tarifesi\/#breadcrumb"},"inLanguage":"tr","potentialAction":[{"@type":"ReadAction","target":["http:\/\/www.muhasebedersleri.com\/haber\/resmi-ilan-fiyat-tarifesi\/"]}]},{"@type":"BreadcrumbList","@id":"http:\/\/www.muhasebedersleri.com\/haber\/resmi-ilan-fiyat-tarifesi\/#breadcrumb","itemListElement":[{"@type":"ListItem","position":1,"name":"Ana sayfa","item":"http:\/\/www.muhasebedersleri.com\/haber\/"},{"@type":"ListItem","position":2,"name":"Resmi \u0130lan Fiyat Tarifesi, Resmi \u0130lanlar\u0131n Yay\u0131n \u00dccretleri"}]},{"@type":"WebSite","@id":"http:\/\/www.muhasebedersleri.com\/haber\/#website","url":"http:\/\/www.muhasebedersleri.com\/haber\/","name":"Haberler","description":"Muhasebe haber","potentialAction":[{"@type":"SearchAction","target":{"@type":"EntryPoint","urlTemplate":"http:\/\/www.muhasebedersleri.com\/haber\/?s={search_term_string}"},"query-input":{"@type":"PropertyValueSpecification","valueRequired":true,"valueName":"search_term_string"}}],"inLanguage":"tr"},{"@type":"Person","@id":"http:\/\/www.muhasebedersleri.com\/haber\/#\/schema\/person\/6a28a468bdcf8a45f6a1f6fbb4f18137","name":"hkn","image":{"@type":"ImageObject","inLanguage":"tr","@id":"http:\/\/www.muhasebedersleri.com\/haber\/#\/schema\/person\/image\/","url":"https:\/\/secure.gravatar.com\/avatar\/942b45aca9690df47674327d843d43de?s=96&d=mm&r=g","contentUrl":"https:\/\/secure.gravatar.com\/avatar\/942b45aca9690df47674327d843d43de?s=96&d=mm&r=g","caption":"hkn"},"url":"http:\/\/www.muhasebedersleri.com\/haber\/author\/hkn\/"}]}},"views":4716,"_links":{"self":[{"href":"http:\/\/www.muhasebedersleri.com\/haber\/wp-json\/wp\/v2\/posts\/638","targetHints":{"allow":["GET"]}}],"collection":[{"href":"http:\/\/www.muhasebedersleri.com\/haber\/wp-json\/wp\/v2\/posts"}],"about":[{"href":"http:\/\/www.muhasebedersleri.com\/haber\/wp-json\/wp\/v2\/types\/post"}],"author":[{"embeddable":true,"href":"http:\/\/www.muhasebedersleri.com\/haber\/wp-json\/wp\/v2\/users\/1"}],"replies":[{"embeddable":true,"href":"http:\/\/www.muhasebedersleri.com\/haber\/wp-json\/wp\/v2\/comments?post=638"}],"version-history":[{"count":2,"href":"http:\/\/www.muhasebedersleri.com\/haber\/wp-json\/wp\/v2\/posts\/638\/revisions"}],"predecessor-version":[{"id":1387,"href":"http:\/\/www.muhasebedersleri.com\/haber\/wp-json\/wp\/v2\/posts\/638\/revisions\/1387"}],"wp:attachment":[{"href":"http:\/\/www.muhasebedersleri.com\/haber\/wp-json\/wp\/v2\/media?parent=638"}],"wp:term":[{"taxonomy":"category","embeddable":true,"href":"http:\/\/www.muhasebedersleri.com\/haber\/wp-json\/wp\/v2\/categories?post=638"},{"taxonomy":"post_tag","embeddable":true,"href":"http:\/\/www.muhasebedersleri.com\/haber\/wp-json\/wp\/v2\/tags?post=638"}],"curies":[{"name":"wp","href":"https:\/\/api.w.org\/{rel}","templated":true}]}}