{"id":3098,"date":"2023-08-15T15:06:29","date_gmt":"2023-08-15T12:06:29","guid":{"rendered":"https:\/\/www.muhasebedersleri.com\/haber\/?p=3098"},"modified":"2023-08-15T15:07:01","modified_gmt":"2023-08-15T12:07:01","slug":"yks-tercih-sonuclari-aciklandi-mi","status":"publish","type":"post","link":"http:\/\/www.muhasebedersleri.com\/haber\/yks-tercih-sonuclari-aciklandi-mi\/","title":{"rendered":"YKS tercih sonu\u00e7lar\u0131 a\u00e7\u0131kland\u0131 m\u0131?"},"content":{"rendered":"\n<p>Bu y\u0131l \u00dcniversite s\u0131nav\u0131na yani YKS&#8217;ye giren adaylar tercihlerini yapt\u0131 ve tercihlerin sonu\u00e7lar\u0131n\u0131 bekliyor. Bir\u00e7ok aday\u0131n g\u00f6zleri YKS tercih sonu\u00e7lar\u0131na \u00e7evrildi. Sonu\u00e7lar belli olur olmaz \u00d6SYM&#8217;nin sonu\u00e7 ekran\u0131 olan <em>sonuc.osym.com<\/em> sayfas\u0131ndan \u00f6\u011frenilebilecek. Peki, YKS tercih sonu\u00e7lar\u0131 a\u00e7\u0131kland\u0131 m\u0131 veya ne zaman a\u00e7\u0131klanacak?<\/p>\n\n\n\n<p>\u00dcniversite kay\u0131t tarihlerinin 28 A\u011fustos-1 Eyl\u00fcl 2023 tarihleri aras\u0131nda yap\u0131lacak. Bu nedenle YKS tercih sonu\u00e7lar\u0131n\u0131n bu tarihlerden \u00f6nce a\u00e7\u0131klanmas\u0131 gerekiyor. Tahmine g\u00f6re 14-18 A\u011fustos tarihleri aras\u0131nda tercihlerin belli olmas\u0131 bekleniyor.<\/p>\n\n\n\n<h2 class=\"wp-block-heading\">YKS tercih sonu\u00e7lar\u0131 nas\u0131l \u00f6\u011frenilecek<\/h2>\n\n\n\n<p>Sonu\u00e7lar a\u015fa\u011f\u0131da verdi\u011fimiz linkteki \u00d6SYM&#8217;nin sayfas\u0131nda a\u00e7\u0131klanacakt\u0131r. En son di\u015f hekimli\u011finde uzmanl\u0131k e\u011fitime giri\u015f s\u0131nav\u0131 yerle\u015ftirme sonu\u00e7lar\u0131 a\u00e7\u0131klanm\u0131\u015ft\u0131. YKS tercih sonu\u00e7lar\u0131 a\u00e7\u0131kland\u0131\u011f\u0131 zaman yerle\u015ftirme yerinizi bu sayfan\u0131n en \u00fcst\u00fcndeki ba\u011flant\u0131dan \u00f6\u011frenebilirsiniz.<\/p>\n\n\n\n<p><a href=\"https:\/\/sonuc.osym.gov.tr\/\" target=\"_blank\" rel=\"noreferrer noopener\"><strong>\u00d6SYM Sonu\u00e7 A\u00e7\u0131klama Sistemi (osym.gov.tr)<\/strong><\/a><\/p>\n\n\n\n<figure class=\"wp-block-image size-full\"><a href=\"https:\/\/www.muhasebedersleri.com\/haber\/wp-content\/uploads\/2023\/08\/yks-tercih-sonuclari.jpg\"><img loading=\"lazy\" decoding=\"async\" width=\"943\" height=\"480\" src=\"https:\/\/www.muhasebedersleri.com\/haber\/wp-content\/uploads\/2023\/08\/yks-tercih-sonuclari.jpg\" alt=\"\" class=\"wp-image-3099\" srcset=\"http:\/\/www.muhasebedersleri.com\/haber\/wp-content\/uploads\/2023\/08\/yks-tercih-sonuclari.jpg 943w, http:\/\/www.muhasebedersleri.com\/haber\/wp-content\/uploads\/2023\/08\/yks-tercih-sonuclari-300x153.jpg 300w, http:\/\/www.muhasebedersleri.com\/haber\/wp-content\/uploads\/2023\/08\/yks-tercih-sonuclari-768x391.jpg 768w\" sizes=\"auto, (max-width: 943px) 100vw, 943px\" \/><\/a><\/figure>\n\n\n\n<p><\/p>\n","protected":false},"excerpt":{"rendered":"<p>Bu y\u0131l \u00dcniversite s\u0131nav\u0131na yani YKS&#8217;ye giren adaylar tercihlerini yapt\u0131 ve tercihlerin sonu\u00e7lar\u0131n\u0131 bekliyor. Bir\u00e7ok aday\u0131n g\u00f6zleri YKS tercih sonu\u00e7lar\u0131na \u00e7evrildi. Sonu\u00e7lar belli olur olmaz \u00d6SYM&#8217;nin sonu\u00e7 ekran\u0131 olan sonuc.osym.com sayfas\u0131ndan \u00f6\u011frenilebilecek. Peki, YKS tercih sonu\u00e7lar\u0131 a\u00e7\u0131kland\u0131 m\u0131 veya ne zaman a\u00e7\u0131klanacak? \u00dcniversite kay\u0131t tarihlerinin 28 A\u011fustos-1 Eyl\u00fcl 2023 tarihleri aras\u0131nda yap\u0131lacak. Bu nedenle YKS &hellip;<\/p>\n","protected":false},"author":1,"featured_media":3100,"comment_status":"open","ping_status":"open","sticky":false,"template":"","format":"standard","meta":{"footnotes":""},"categories":[85,49],"tags":[955,78,1132,1072,965,1133],"class_list":["post-3098","post","type-post","status-publish","format-standard","has-post-thumbnail","","category-meb-2","category-osym","tag-955","tag-ne-zaman","tag-tercih-sonuclari","tag-yerlestirme-sonuclari","tag-yks","tag-yks-tercihleri"],"yoast_head":"<!-- This site is optimized with the Yoast SEO plugin v24.5 - https:\/\/yoast.com\/wordpress\/plugins\/seo\/ -->\n<title>YKS tercih sonu\u00e7lar\u0131 a\u00e7\u0131kland\u0131 m\u0131?, ne zaman a\u00e7\u0131klanacak?<\/title>\n<meta name=\"description\" content=\"YKS tercih sonu\u00e7lar\u0131 a\u00e7\u0131kland\u0131 m\u0131 veya ne zaman a\u00e7\u0131klanacak? Sonu\u00e7lar belli olur olmaz \u00d6SYM&#039;nin sonu\u00e7 ekran\u0131 olan &quot;sonuc.osym.com&quot; sayfas\u0131\" \/>\n<meta name=\"robots\" content=\"index, follow, max-snippet:-1, max-image-preview:large, max-video-preview:-1\" \/>\n<link rel=\"canonical\" href=\"http:\/\/www.muhasebedersleri.com\/haber\/yks-tercih-sonuclari-aciklandi-mi\/\" \/>\n<meta property=\"og:locale\" content=\"tr_TR\" \/>\n<meta property=\"og:type\" content=\"article\" \/>\n<meta property=\"og:title\" content=\"YKS tercih sonu\u00e7lar\u0131 a\u00e7\u0131kland\u0131 m\u0131?, ne zaman a\u00e7\u0131klanacak?\" \/>\n<meta property=\"og:description\" content=\"YKS tercih sonu\u00e7lar\u0131 a\u00e7\u0131kland\u0131 m\u0131 veya ne zaman a\u00e7\u0131klanacak? Sonu\u00e7lar belli olur olmaz \u00d6SYM&#039;nin sonu\u00e7 ekran\u0131 olan &quot;sonuc.osym.com&quot; sayfas\u0131\" \/>\n<meta property=\"og:url\" content=\"http:\/\/www.muhasebedersleri.com\/haber\/yks-tercih-sonuclari-aciklandi-mi\/\" \/>\n<meta property=\"og:site_name\" content=\"Haberler\" \/>\n<meta property=\"article:published_time\" content=\"2023-08-15T12:06:29+00:00\" \/>\n<meta property=\"article:modified_time\" content=\"2023-08-15T12:07:01+00:00\" \/>\n<meta property=\"og:image\" content=\"http:\/\/www.muhasebedersleri.com\/haber\/wp-content\/uploads\/2023\/08\/yks-tercih-sonuclari-01.jpg\" \/>\n\t<meta property=\"og:image:width\" content=\"600\" \/>\n\t<meta property=\"og:image:height\" content=\"350\" \/>\n\t<meta property=\"og:image:type\" content=\"image\/jpeg\" \/>\n<meta name=\"author\" content=\"hkn\" \/>\n<meta name=\"twitter:card\" content=\"summary_large_image\" \/>\n<meta name=\"twitter:label1\" content=\"Yazan:\" \/>\n\t<meta name=\"twitter:data1\" content=\"hkn\" \/>\n\t<meta name=\"twitter:label2\" content=\"Tahmini okuma s\u00fcresi\" \/>\n\t<meta name=\"twitter:data2\" content=\"1 dakika\" \/>\n<script type=\"application\/ld+json\" class=\"yoast-schema-graph\">{\"@context\":\"https:\/\/schema.org\",\"@graph\":[{\"@type\":\"WebPage\",\"@id\":\"http:\/\/www.muhasebedersleri.com\/haber\/yks-tercih-sonuclari-aciklandi-mi\/\",\"url\":\"http:\/\/www.muhasebedersleri.com\/haber\/yks-tercih-sonuclari-aciklandi-mi\/\",\"name\":\"YKS tercih sonu\u00e7lar\u0131 a\u00e7\u0131kland\u0131 m\u0131?, ne zaman a\u00e7\u0131klanacak?\",\"isPartOf\":{\"@id\":\"http:\/\/www.muhasebedersleri.com\/haber\/#website\"},\"primaryImageOfPage\":{\"@id\":\"http:\/\/www.muhasebedersleri.com\/haber\/yks-tercih-sonuclari-aciklandi-mi\/#primaryimage\"},\"image\":{\"@id\":\"http:\/\/www.muhasebedersleri.com\/haber\/yks-tercih-sonuclari-aciklandi-mi\/#primaryimage\"},\"thumbnailUrl\":\"http:\/\/www.muhasebedersleri.com\/haber\/wp-content\/uploads\/2023\/08\/yks-tercih-sonuclari-01.jpg\",\"datePublished\":\"2023-08-15T12:06:29+00:00\",\"dateModified\":\"2023-08-15T12:07:01+00:00\",\"author\":{\"@id\":\"http:\/\/www.muhasebedersleri.com\/haber\/#\/schema\/person\/6a28a468bdcf8a45f6a1f6fbb4f18137\"},\"description\":\"YKS tercih sonu\u00e7lar\u0131 a\u00e7\u0131kland\u0131 m\u0131 veya ne zaman a\u00e7\u0131klanacak? Sonu\u00e7lar belli olur olmaz \u00d6SYM'nin sonu\u00e7 ekran\u0131 olan \\\"sonuc.osym.com\\\" sayfas\u0131\",\"breadcrumb\":{\"@id\":\"http:\/\/www.muhasebedersleri.com\/haber\/yks-tercih-sonuclari-aciklandi-mi\/#breadcrumb\"},\"inLanguage\":\"tr\",\"potentialAction\":[{\"@type\":\"ReadAction\",\"target\":[\"http:\/\/www.muhasebedersleri.com\/haber\/yks-tercih-sonuclari-aciklandi-mi\/\"]}]},{\"@type\":\"ImageObject\",\"inLanguage\":\"tr\",\"@id\":\"http:\/\/www.muhasebedersleri.com\/haber\/yks-tercih-sonuclari-aciklandi-mi\/#primaryimage\",\"url\":\"http:\/\/www.muhasebedersleri.com\/haber\/wp-content\/uploads\/2023\/08\/yks-tercih-sonuclari-01.jpg\",\"contentUrl\":\"http:\/\/www.muhasebedersleri.com\/haber\/wp-content\/uploads\/2023\/08\/yks-tercih-sonuclari-01.jpg\",\"width\":600,\"height\":350,\"caption\":\"yks tercih sonu\u00e7lar\u0131\"},{\"@type\":\"BreadcrumbList\",\"@id\":\"http:\/\/www.muhasebedersleri.com\/haber\/yks-tercih-sonuclari-aciklandi-mi\/#breadcrumb\",\"itemListElement\":[{\"@type\":\"ListItem\",\"position\":1,\"name\":\"Ana sayfa\",\"item\":\"http:\/\/www.muhasebedersleri.com\/haber\/\"},{\"@type\":\"ListItem\",\"position\":2,\"name\":\"YKS tercih sonu\u00e7lar\u0131 a\u00e7\u0131kland\u0131 m\u0131?\"}]},{\"@type\":\"WebSite\",\"@id\":\"http:\/\/www.muhasebedersleri.com\/haber\/#website\",\"url\":\"http:\/\/www.muhasebedersleri.com\/haber\/\",\"name\":\"Haberler\",\"description\":\"Muhasebe haber\",\"potentialAction\":[{\"@type\":\"SearchAction\",\"target\":{\"@type\":\"EntryPoint\",\"urlTemplate\":\"http:\/\/www.muhasebedersleri.com\/haber\/?s={search_term_string}\"},\"query-input\":{\"@type\":\"PropertyValueSpecification\",\"valueRequired\":true,\"valueName\":\"search_term_string\"}}],\"inLanguage\":\"tr\"},{\"@type\":\"Person\",\"@id\":\"http:\/\/www.muhasebedersleri.com\/haber\/#\/schema\/person\/6a28a468bdcf8a45f6a1f6fbb4f18137\",\"name\":\"hkn\",\"image\":{\"@type\":\"ImageObject\",\"inLanguage\":\"tr\",\"@id\":\"http:\/\/www.muhasebedersleri.com\/haber\/#\/schema\/person\/image\/\",\"url\":\"https:\/\/secure.gravatar.com\/avatar\/942b45aca9690df47674327d843d43de?s=96&d=mm&r=g\",\"contentUrl\":\"https:\/\/secure.gravatar.com\/avatar\/942b45aca9690df47674327d843d43de?s=96&d=mm&r=g\",\"caption\":\"hkn\"},\"url\":\"http:\/\/www.muhasebedersleri.com\/haber\/author\/hkn\/\"}]}<\/script>\n<!-- \/ Yoast SEO plugin. -->","yoast_head_json":{"title":"YKS tercih sonu\u00e7lar\u0131 a\u00e7\u0131kland\u0131 m\u0131?, ne zaman a\u00e7\u0131klanacak?","description":"YKS tercih sonu\u00e7lar\u0131 a\u00e7\u0131kland\u0131 m\u0131 veya ne zaman a\u00e7\u0131klanacak? Sonu\u00e7lar belli olur olmaz \u00d6SYM'nin sonu\u00e7 ekran\u0131 olan \"sonuc.osym.com\" sayfas\u0131","robots":{"index":"index","follow":"follow","max-snippet":"max-snippet:-1","max-image-preview":"max-image-preview:large","max-video-preview":"max-video-preview:-1"},"canonical":"http:\/\/www.muhasebedersleri.com\/haber\/yks-tercih-sonuclari-aciklandi-mi\/","og_locale":"tr_TR","og_type":"article","og_title":"YKS tercih sonu\u00e7lar\u0131 a\u00e7\u0131kland\u0131 m\u0131?, ne zaman a\u00e7\u0131klanacak?","og_description":"YKS tercih sonu\u00e7lar\u0131 a\u00e7\u0131kland\u0131 m\u0131 veya ne zaman a\u00e7\u0131klanacak? Sonu\u00e7lar belli olur olmaz \u00d6SYM'nin sonu\u00e7 ekran\u0131 olan \"sonuc.osym.com\" sayfas\u0131","og_url":"http:\/\/www.muhasebedersleri.com\/haber\/yks-tercih-sonuclari-aciklandi-mi\/","og_site_name":"Haberler","article_published_time":"2023-08-15T12:06:29+00:00","article_modified_time":"2023-08-15T12:07:01+00:00","og_image":[{"width":600,"height":350,"url":"http:\/\/www.muhasebedersleri.com\/haber\/wp-content\/uploads\/2023\/08\/yks-tercih-sonuclari-01.jpg","type":"image\/jpeg"}],"author":"hkn","twitter_card":"summary_large_image","twitter_misc":{"Yazan:":"hkn","Tahmini okuma s\u00fcresi":"1 dakika"},"schema":{"@context":"https:\/\/schema.org","@graph":[{"@type":"WebPage","@id":"http:\/\/www.muhasebedersleri.com\/haber\/yks-tercih-sonuclari-aciklandi-mi\/","url":"http:\/\/www.muhasebedersleri.com\/haber\/yks-tercih-sonuclari-aciklandi-mi\/","name":"YKS tercih sonu\u00e7lar\u0131 a\u00e7\u0131kland\u0131 m\u0131?, ne zaman a\u00e7\u0131klanacak?","isPartOf":{"@id":"http:\/\/www.muhasebedersleri.com\/haber\/#website"},"primaryImageOfPage":{"@id":"http:\/\/www.muhasebedersleri.com\/haber\/yks-tercih-sonuclari-aciklandi-mi\/#primaryimage"},"image":{"@id":"http:\/\/www.muhasebedersleri.com\/haber\/yks-tercih-sonuclari-aciklandi-mi\/#primaryimage"},"thumbnailUrl":"http:\/\/www.muhasebedersleri.com\/haber\/wp-content\/uploads\/2023\/08\/yks-tercih-sonuclari-01.jpg","datePublished":"2023-08-15T12:06:29+00:00","dateModified":"2023-08-15T12:07:01+00:00","author":{"@id":"http:\/\/www.muhasebedersleri.com\/haber\/#\/schema\/person\/6a28a468bdcf8a45f6a1f6fbb4f18137"},"description":"YKS tercih sonu\u00e7lar\u0131 a\u00e7\u0131kland\u0131 m\u0131 veya ne zaman a\u00e7\u0131klanacak? Sonu\u00e7lar belli olur olmaz \u00d6SYM'nin sonu\u00e7 ekran\u0131 olan \"sonuc.osym.com\" sayfas\u0131","breadcrumb":{"@id":"http:\/\/www.muhasebedersleri.com\/haber\/yks-tercih-sonuclari-aciklandi-mi\/#breadcrumb"},"inLanguage":"tr","potentialAction":[{"@type":"ReadAction","target":["http:\/\/www.muhasebedersleri.com\/haber\/yks-tercih-sonuclari-aciklandi-mi\/"]}]},{"@type":"ImageObject","inLanguage":"tr","@id":"http:\/\/www.muhasebedersleri.com\/haber\/yks-tercih-sonuclari-aciklandi-mi\/#primaryimage","url":"http:\/\/www.muhasebedersleri.com\/haber\/wp-content\/uploads\/2023\/08\/yks-tercih-sonuclari-01.jpg","contentUrl":"http:\/\/www.muhasebedersleri.com\/haber\/wp-content\/uploads\/2023\/08\/yks-tercih-sonuclari-01.jpg","width":600,"height":350,"caption":"yks tercih sonu\u00e7lar\u0131"},{"@type":"BreadcrumbList","@id":"http:\/\/www.muhasebedersleri.com\/haber\/yks-tercih-sonuclari-aciklandi-mi\/#breadcrumb","itemListElement":[{"@type":"ListItem","position":1,"name":"Ana sayfa","item":"http:\/\/www.muhasebedersleri.com\/haber\/"},{"@type":"ListItem","position":2,"name":"YKS tercih sonu\u00e7lar\u0131 a\u00e7\u0131kland\u0131 m\u0131?"}]},{"@type":"WebSite","@id":"http:\/\/www.muhasebedersleri.com\/haber\/#website","url":"http:\/\/www.muhasebedersleri.com\/haber\/","name":"Haberler","description":"Muhasebe haber","potentialAction":[{"@type":"SearchAction","target":{"@type":"EntryPoint","urlTemplate":"http:\/\/www.muhasebedersleri.com\/haber\/?s={search_term_string}"},"query-input":{"@type":"PropertyValueSpecification","valueRequired":true,"valueName":"search_term_string"}}],"inLanguage":"tr"},{"@type":"Person","@id":"http:\/\/www.muhasebedersleri.com\/haber\/#\/schema\/person\/6a28a468bdcf8a45f6a1f6fbb4f18137","name":"hkn","image":{"@type":"ImageObject","inLanguage":"tr","@id":"http:\/\/www.muhasebedersleri.com\/haber\/#\/schema\/person\/image\/","url":"https:\/\/secure.gravatar.com\/avatar\/942b45aca9690df47674327d843d43de?s=96&d=mm&r=g","contentUrl":"https:\/\/secure.gravatar.com\/avatar\/942b45aca9690df47674327d843d43de?s=96&d=mm&r=g","caption":"hkn"},"url":"http:\/\/www.muhasebedersleri.com\/haber\/author\/hkn\/"}]}},"views":1838,"_links":{"self":[{"href":"http:\/\/www.muhasebedersleri.com\/haber\/wp-json\/wp\/v2\/posts\/3098","targetHints":{"allow":["GET"]}}],"collection":[{"href":"http:\/\/www.muhasebedersleri.com\/haber\/wp-json\/wp\/v2\/posts"}],"about":[{"href":"http:\/\/www.muhasebedersleri.com\/haber\/wp-json\/wp\/v2\/types\/post"}],"author":[{"embeddable":true,"href":"http:\/\/www.muhasebedersleri.com\/haber\/wp-json\/wp\/v2\/users\/1"}],"replies":[{"embeddable":true,"href":"http:\/\/www.muhasebedersleri.com\/haber\/wp-json\/wp\/v2\/comments?post=3098"}],"version-history":[{"count":2,"href":"http:\/\/www.muhasebedersleri.com\/haber\/wp-json\/wp\/v2\/posts\/3098\/revisions"}],"predecessor-version":[{"id":3102,"href":"http:\/\/www.muhasebedersleri.com\/haber\/wp-json\/wp\/v2\/posts\/3098\/revisions\/3102"}],"wp:featuredmedia":[{"embeddable":true,"href":"http:\/\/www.muhasebedersleri.com\/haber\/wp-json\/wp\/v2\/media\/3100"}],"wp:attachment":[{"href":"http:\/\/www.muhasebedersleri.com\/haber\/wp-json\/wp\/v2\/media?parent=3098"}],"wp:term":[{"taxonomy":"category","embeddable":true,"href":"http:\/\/www.muhasebedersleri.com\/haber\/wp-json\/wp\/v2\/categories?post=3098"},{"taxonomy":"post_tag","embeddable":true,"href":"http:\/\/www.muhasebedersleri.com\/haber\/wp-json\/wp\/v2\/tags?post=3098"}],"curies":[{"name":"wp","href":"https:\/\/api.w.org\/{rel}","templated":true}]}}