{"id":2636,"date":"2018-09-20T13:31:39","date_gmt":"2018-09-20T10:31:39","guid":{"rendered":"http:\/\/www.muhasebedersleri.com\/haber\/?p=2636"},"modified":"2018-10-04T09:42:58","modified_gmt":"2018-10-04T06:42:58","slug":"ithalatta-korunma-onlemlerine-iliskin-teblig-eylul-2018","status":"publish","type":"post","link":"http:\/\/www.muhasebedersleri.com\/haber\/ithalatta-korunma-onlemlerine-iliskin-teblig-eylul-2018\/","title":{"rendered":"\u0130thalatta Korunma \u00d6nlemlerine \u0130li\u015fkin Tebli\u011f, Eyl\u00fcl 2018"},"content":{"rendered":"<p class=\"Balk11pt\">Ticaret Bakanl\u0131\u011f\u0131ndan:<\/p>\n<p class=\"OrtaBalkBold\"><strong>\u0130THALATTA KORUNMA \u00d6NLEMLER\u0130NE \u0130L\u0130\u015eK\u0130N TEBL\u0130\u011e\u00a0(TEBL\u0130\u011e NO: 2018\/7)<\/strong><\/p>\n<p class=\"Metin\"><b>Ama\u00e7 ve kapsam<\/b><\/p>\n<p class=\"Metin\"><b>MADDE 1 \u2013<\/b> (1) Bu Tebli\u011f, 27\/4\/2018 tarihli ve 30404 say\u0131l\u0131 Resm\u00ee Gazete\u2019de yay\u0131mlanan \u0130thalatta Korunma \u00d6nlemlerine \u0130li\u015fkin Tebli\u011f (Tebli\u011f No: 2018\/3) \u00e7er\u00e7evesinde soru\u015fturma y\u00fcr\u00fct\u00fclen \u00fcr\u00fcnlerde \u0130thalatta Korunma \u00d6nlemlerini De\u011ferlendirme Kurulu taraf\u0131ndan ge\u00e7ici korunma \u00f6nlemi karar\u0131 al\u0131nd\u0131\u011f\u0131n\u0131 duyurmak amac\u0131yla haz\u0131rlanm\u0131\u015ft\u0131r.<\/p>\n<p class=\"Metin\"><b>Karar<\/b><\/p>\n<p class=\"Metin\"><b>MADDE 2 \u2013<\/b> (1) \u0130thalatta Korunma \u00d6nlemlerini De\u011ferlendirme Kurulu Ek-1\u2019de yer alan tabloda g\u00f6sterilen \u00fcr\u00fcnlerin ithalat\u0131nda 8\/6\/2004 tarihli ve 25486 say\u0131l\u0131 Resm\u00ee Gazete\u2019de yay\u0131mlanan \u0130thalatta Korunma \u00d6nlemleri Y\u00f6netmeli\u011fi h\u00fck\u00fcmleri \u00e7er\u00e7evesinde 200 g\u00fcn s\u00fcreyle ge\u00e7ici korunma \u00f6nlemi olarak %25 oran\u0131nda ek mali y\u00fck\u00fcml\u00fcl\u00fck uygulanmas\u0131na ve Ek-1\u2019de yer alan tabloda belirtilen \u015fekilde \u00fcr\u00fcn gruplar\u0131 itibar\u0131yla ek mali y\u00fck\u00fcml\u00fcl\u00fckten muafiyet sa\u011flamak \u00fczere tarife kontenjan\u0131 a\u00e7\u0131lmas\u0131na, D\u00fcnya Ticaret \u00d6rg\u00fct\u00fc Korunma \u00d6nlemleri Anla\u015fmas\u0131\u2019n\u0131n 12.3 maddesi gere\u011fince geli\u015fmekte olan \u00fclkelere muafiyet tan\u0131nmas\u0131na ve \u00f6nlemin istihsali hususunda Cumhurba\u015fkanl\u0131\u011f\u0131na \u00f6neride bulunulmas\u0131na toplant\u0131ya kat\u0131lan \u00fcyelerin oy birli\u011fi ile karar vermi\u015ftir.<\/p>\n<p class=\"Metin\"><b>Ara \u0130nceleme Raporu <\/b><\/p>\n<p class=\"Metin\"><b>MADDE 3 \u2013 <\/b>(1) Soru\u015fturma kapsam\u0131nda elde edilen bilgi ve bulgular\u0131n yer ald\u0131\u011f\u0131 Ara \u0130nceleme Raporu Bakanl\u0131\u011f\u0131n internet sitesi (<u>www.ticaret.gov.tr<\/u>) adresinde \u201cKurumsal\u201d ba\u015fl\u0131\u011f\u0131 alt\u0131nda \u0130thalat Genel M\u00fcd\u00fcrl\u00fc\u011f\u00fcn\u00fcn \u201cTicaret Politikas\u0131 Savunma Ara\u00e7lar\u0131\u201d sayfas\u0131nda yer alan \u201cKorunma \u00d6nlemleri\/Soru\u015fturmalar\u201d ba\u011flant\u0131s\u0131nda yay\u0131mlanm\u0131\u015ft\u0131r.<\/p>\n<p class=\"Metin\"><b>Y\u00fcr\u00fcrl\u00fck<\/b><\/p>\n<p class=\"Metin\"><b>MADDE 4 \u2013<\/b> (1) Bu Tebli\u011f yay\u0131m\u0131 tarihinde y\u00fcr\u00fcrl\u00fc\u011fe girer.<\/p>\n<p class=\"Metin\"><b>Y\u00fcr\u00fctme<\/b><\/p>\n<p class=\"Metin\"><b>MADDE 5 \u2013<\/b> (1) Bu Tebli\u011f h\u00fck\u00fcmlerini Ticaret Bakan\u0131 y\u00fcr\u00fct\u00fcr.<\/p>\n","protected":false},"excerpt":{"rendered":"<p>Ticaret Bakanl\u0131\u011f\u0131ndan: \u0130THALATTA KORUNMA \u00d6NLEMLER\u0130NE \u0130L\u0130\u015eK\u0130N TEBL\u0130\u011e\u00a0(TEBL\u0130\u011e NO: 2018\/7) Ama\u00e7 ve kapsam MADDE 1 \u2013 (1) Bu Tebli\u011f, 27\/4\/2018 tarihli ve 30404 say\u0131l\u0131 Resm\u00ee Gazete\u2019de yay\u0131mlanan \u0130thalatta Korunma \u00d6nlemlerine \u0130li\u015fkin Tebli\u011f (Tebli\u011f No: 2018\/3) \u00e7er\u00e7evesinde soru\u015fturma y\u00fcr\u00fct\u00fclen \u00fcr\u00fcnlerde \u0130thalatta Korunma \u00d6nlemlerini De\u011ferlendirme Kurulu taraf\u0131ndan ge\u00e7ici korunma \u00f6nlemi karar\u0131 al\u0131nd\u0131\u011f\u0131n\u0131 duyurmak amac\u0131yla haz\u0131rlanm\u0131\u015ft\u0131r. Karar MADDE 2 &hellip;<\/p>\n","protected":false},"author":1,"featured_media":0,"comment_status":"open","ping_status":"open","sticky":false,"template":"","format":"standard","meta":{"footnotes":""},"categories":[28],"tags":[868,534,584,66],"class_list":["post-2636","post","type-post","status-publish","format-standard","","category-resmi-gazete","tag-868","tag-eylul","tag-ithalat","tag-teblig"],"yoast_head":"<!-- This site is optimized with the Yoast SEO plugin v24.5 - https:\/\/yoast.com\/wordpress\/plugins\/seo\/ -->\n<title>\u0130thalatta Korunma \u00d6nlemlerine \u0130li\u015fkin Tebli\u011f, Eyl\u00fcl 2018<\/title>\n<meta name=\"description\" content=\"\u0130thalatta korunma \u00f6nlemlerine i\u0307li\u015fkin tebli\u011f yay\u0131mland\u0131, 2018\/7\" \/>\n<meta name=\"robots\" content=\"index, follow, max-snippet:-1, max-image-preview:large, max-video-preview:-1\" \/>\n<link rel=\"canonical\" href=\"http:\/\/www.muhasebedersleri.com\/haber\/ithalatta-korunma-onlemlerine-iliskin-teblig-eylul-2018\/\" \/>\n<meta property=\"og:locale\" content=\"tr_TR\" \/>\n<meta property=\"og:type\" content=\"article\" \/>\n<meta property=\"og:title\" content=\"\u0130thalatta Korunma \u00d6nlemlerine \u0130li\u015fkin Tebli\u011f, Eyl\u00fcl 2018\" \/>\n<meta property=\"og:description\" content=\"\u0130thalatta korunma \u00f6nlemlerine i\u0307li\u015fkin tebli\u011f yay\u0131mland\u0131, 2018\/7\" \/>\n<meta property=\"og:url\" content=\"http:\/\/www.muhasebedersleri.com\/haber\/ithalatta-korunma-onlemlerine-iliskin-teblig-eylul-2018\/\" \/>\n<meta property=\"og:site_name\" content=\"Haberler\" \/>\n<meta property=\"article:published_time\" content=\"2018-09-20T10:31:39+00:00\" \/>\n<meta property=\"article:modified_time\" content=\"2018-10-04T06:42:58+00:00\" \/>\n<meta name=\"author\" content=\"hkn\" \/>\n<meta name=\"twitter:card\" content=\"summary_large_image\" \/>\n<meta name=\"twitter:label1\" content=\"Yazan:\" \/>\n\t<meta name=\"twitter:data1\" content=\"hkn\" \/>\n\t<meta name=\"twitter:label2\" content=\"Tahmini okuma s\u00fcresi\" \/>\n\t<meta name=\"twitter:data2\" content=\"1 dakika\" \/>\n<script type=\"application\/ld+json\" class=\"yoast-schema-graph\">{\"@context\":\"https:\/\/schema.org\",\"@graph\":[{\"@type\":\"WebPage\",\"@id\":\"http:\/\/www.muhasebedersleri.com\/haber\/ithalatta-korunma-onlemlerine-iliskin-teblig-eylul-2018\/\",\"url\":\"http:\/\/www.muhasebedersleri.com\/haber\/ithalatta-korunma-onlemlerine-iliskin-teblig-eylul-2018\/\",\"name\":\"\u0130thalatta Korunma \u00d6nlemlerine \u0130li\u015fkin Tebli\u011f, Eyl\u00fcl 2018\",\"isPartOf\":{\"@id\":\"http:\/\/www.muhasebedersleri.com\/haber\/#website\"},\"datePublished\":\"2018-09-20T10:31:39+00:00\",\"dateModified\":\"2018-10-04T06:42:58+00:00\",\"author\":{\"@id\":\"http:\/\/www.muhasebedersleri.com\/haber\/#\/schema\/person\/6a28a468bdcf8a45f6a1f6fbb4f18137\"},\"description\":\"\u0130thalatta korunma \u00f6nlemlerine i\u0307li\u015fkin tebli\u011f yay\u0131mland\u0131, 2018\/7\",\"breadcrumb\":{\"@id\":\"http:\/\/www.muhasebedersleri.com\/haber\/ithalatta-korunma-onlemlerine-iliskin-teblig-eylul-2018\/#breadcrumb\"},\"inLanguage\":\"tr\",\"potentialAction\":[{\"@type\":\"ReadAction\",\"target\":[\"http:\/\/www.muhasebedersleri.com\/haber\/ithalatta-korunma-onlemlerine-iliskin-teblig-eylul-2018\/\"]}]},{\"@type\":\"BreadcrumbList\",\"@id\":\"http:\/\/www.muhasebedersleri.com\/haber\/ithalatta-korunma-onlemlerine-iliskin-teblig-eylul-2018\/#breadcrumb\",\"itemListElement\":[{\"@type\":\"ListItem\",\"position\":1,\"name\":\"Ana sayfa\",\"item\":\"http:\/\/www.muhasebedersleri.com\/haber\/\"},{\"@type\":\"ListItem\",\"position\":2,\"name\":\"\u0130thalatta Korunma \u00d6nlemlerine \u0130li\u015fkin Tebli\u011f, Eyl\u00fcl 2018\"}]},{\"@type\":\"WebSite\",\"@id\":\"http:\/\/www.muhasebedersleri.com\/haber\/#website\",\"url\":\"http:\/\/www.muhasebedersleri.com\/haber\/\",\"name\":\"Haberler\",\"description\":\"Muhasebe haber\",\"potentialAction\":[{\"@type\":\"SearchAction\",\"target\":{\"@type\":\"EntryPoint\",\"urlTemplate\":\"http:\/\/www.muhasebedersleri.com\/haber\/?s={search_term_string}\"},\"query-input\":{\"@type\":\"PropertyValueSpecification\",\"valueRequired\":true,\"valueName\":\"search_term_string\"}}],\"inLanguage\":\"tr\"},{\"@type\":\"Person\",\"@id\":\"http:\/\/www.muhasebedersleri.com\/haber\/#\/schema\/person\/6a28a468bdcf8a45f6a1f6fbb4f18137\",\"name\":\"hkn\",\"image\":{\"@type\":\"ImageObject\",\"inLanguage\":\"tr\",\"@id\":\"http:\/\/www.muhasebedersleri.com\/haber\/#\/schema\/person\/image\/\",\"url\":\"https:\/\/secure.gravatar.com\/avatar\/942b45aca9690df47674327d843d43de?s=96&d=mm&r=g\",\"contentUrl\":\"https:\/\/secure.gravatar.com\/avatar\/942b45aca9690df47674327d843d43de?s=96&d=mm&r=g\",\"caption\":\"hkn\"},\"url\":\"http:\/\/www.muhasebedersleri.com\/haber\/author\/hkn\/\"}]}<\/script>\n<!-- \/ Yoast SEO plugin. -->","yoast_head_json":{"title":"\u0130thalatta Korunma \u00d6nlemlerine \u0130li\u015fkin Tebli\u011f, Eyl\u00fcl 2018","description":"\u0130thalatta korunma \u00f6nlemlerine i\u0307li\u015fkin tebli\u011f yay\u0131mland\u0131, 2018\/7","robots":{"index":"index","follow":"follow","max-snippet":"max-snippet:-1","max-image-preview":"max-image-preview:large","max-video-preview":"max-video-preview:-1"},"canonical":"http:\/\/www.muhasebedersleri.com\/haber\/ithalatta-korunma-onlemlerine-iliskin-teblig-eylul-2018\/","og_locale":"tr_TR","og_type":"article","og_title":"\u0130thalatta Korunma \u00d6nlemlerine \u0130li\u015fkin Tebli\u011f, Eyl\u00fcl 2018","og_description":"\u0130thalatta korunma \u00f6nlemlerine i\u0307li\u015fkin tebli\u011f yay\u0131mland\u0131, 2018\/7","og_url":"http:\/\/www.muhasebedersleri.com\/haber\/ithalatta-korunma-onlemlerine-iliskin-teblig-eylul-2018\/","og_site_name":"Haberler","article_published_time":"2018-09-20T10:31:39+00:00","article_modified_time":"2018-10-04T06:42:58+00:00","author":"hkn","twitter_card":"summary_large_image","twitter_misc":{"Yazan:":"hkn","Tahmini okuma s\u00fcresi":"1 dakika"},"schema":{"@context":"https:\/\/schema.org","@graph":[{"@type":"WebPage","@id":"http:\/\/www.muhasebedersleri.com\/haber\/ithalatta-korunma-onlemlerine-iliskin-teblig-eylul-2018\/","url":"http:\/\/www.muhasebedersleri.com\/haber\/ithalatta-korunma-onlemlerine-iliskin-teblig-eylul-2018\/","name":"\u0130thalatta Korunma \u00d6nlemlerine \u0130li\u015fkin Tebli\u011f, Eyl\u00fcl 2018","isPartOf":{"@id":"http:\/\/www.muhasebedersleri.com\/haber\/#website"},"datePublished":"2018-09-20T10:31:39+00:00","dateModified":"2018-10-04T06:42:58+00:00","author":{"@id":"http:\/\/www.muhasebedersleri.com\/haber\/#\/schema\/person\/6a28a468bdcf8a45f6a1f6fbb4f18137"},"description":"\u0130thalatta korunma \u00f6nlemlerine i\u0307li\u015fkin tebli\u011f yay\u0131mland\u0131, 2018\/7","breadcrumb":{"@id":"http:\/\/www.muhasebedersleri.com\/haber\/ithalatta-korunma-onlemlerine-iliskin-teblig-eylul-2018\/#breadcrumb"},"inLanguage":"tr","potentialAction":[{"@type":"ReadAction","target":["http:\/\/www.muhasebedersleri.com\/haber\/ithalatta-korunma-onlemlerine-iliskin-teblig-eylul-2018\/"]}]},{"@type":"BreadcrumbList","@id":"http:\/\/www.muhasebedersleri.com\/haber\/ithalatta-korunma-onlemlerine-iliskin-teblig-eylul-2018\/#breadcrumb","itemListElement":[{"@type":"ListItem","position":1,"name":"Ana sayfa","item":"http:\/\/www.muhasebedersleri.com\/haber\/"},{"@type":"ListItem","position":2,"name":"\u0130thalatta Korunma \u00d6nlemlerine \u0130li\u015fkin Tebli\u011f, Eyl\u00fcl 2018"}]},{"@type":"WebSite","@id":"http:\/\/www.muhasebedersleri.com\/haber\/#website","url":"http:\/\/www.muhasebedersleri.com\/haber\/","name":"Haberler","description":"Muhasebe haber","potentialAction":[{"@type":"SearchAction","target":{"@type":"EntryPoint","urlTemplate":"http:\/\/www.muhasebedersleri.com\/haber\/?s={search_term_string}"},"query-input":{"@type":"PropertyValueSpecification","valueRequired":true,"valueName":"search_term_string"}}],"inLanguage":"tr"},{"@type":"Person","@id":"http:\/\/www.muhasebedersleri.com\/haber\/#\/schema\/person\/6a28a468bdcf8a45f6a1f6fbb4f18137","name":"hkn","image":{"@type":"ImageObject","inLanguage":"tr","@id":"http:\/\/www.muhasebedersleri.com\/haber\/#\/schema\/person\/image\/","url":"https:\/\/secure.gravatar.com\/avatar\/942b45aca9690df47674327d843d43de?s=96&d=mm&r=g","contentUrl":"https:\/\/secure.gravatar.com\/avatar\/942b45aca9690df47674327d843d43de?s=96&d=mm&r=g","caption":"hkn"},"url":"http:\/\/www.muhasebedersleri.com\/haber\/author\/hkn\/"}]}},"views":2131,"_links":{"self":[{"href":"http:\/\/www.muhasebedersleri.com\/haber\/wp-json\/wp\/v2\/posts\/2636","targetHints":{"allow":["GET"]}}],"collection":[{"href":"http:\/\/www.muhasebedersleri.com\/haber\/wp-json\/wp\/v2\/posts"}],"about":[{"href":"http:\/\/www.muhasebedersleri.com\/haber\/wp-json\/wp\/v2\/types\/post"}],"author":[{"embeddable":true,"href":"http:\/\/www.muhasebedersleri.com\/haber\/wp-json\/wp\/v2\/users\/1"}],"replies":[{"embeddable":true,"href":"http:\/\/www.muhasebedersleri.com\/haber\/wp-json\/wp\/v2\/comments?post=2636"}],"version-history":[{"count":1,"href":"http:\/\/www.muhasebedersleri.com\/haber\/wp-json\/wp\/v2\/posts\/2636\/revisions"}],"predecessor-version":[{"id":2637,"href":"http:\/\/www.muhasebedersleri.com\/haber\/wp-json\/wp\/v2\/posts\/2636\/revisions\/2637"}],"wp:attachment":[{"href":"http:\/\/www.muhasebedersleri.com\/haber\/wp-json\/wp\/v2\/media?parent=2636"}],"wp:term":[{"taxonomy":"category","embeddable":true,"href":"http:\/\/www.muhasebedersleri.com\/haber\/wp-json\/wp\/v2\/categories?post=2636"},{"taxonomy":"post_tag","embeddable":true,"href":"http:\/\/www.muhasebedersleri.com\/haber\/wp-json\/wp\/v2\/tags?post=2636"}],"curies":[{"name":"wp","href":"https:\/\/api.w.org\/{rel}","templated":true}]}}