{"id":2025,"date":"2014-10-16T22:07:41","date_gmt":"2014-10-16T19:07:41","guid":{"rendered":"http:\/\/www.muhasebedersleri.com\/haber\/?p=2025"},"modified":"2014-10-16T22:22:16","modified_gmt":"2014-10-16T19:22:16","slug":"2015-osym-sinav-takvimi","status":"publish","type":"post","link":"http:\/\/www.muhasebedersleri.com\/haber\/2015-osym-sinav-takvimi\/","title":{"rendered":"2015 \u00d6SYM S\u0131nav Takvimi"},"content":{"rendered":"<p>\u00d6SYM taraf\u0131ndan yay\u0131nlanan s\u0131nav takvimine g\u00f6re 2015 y\u0131l\u0131nda \u00d6SYM\u2019nin yapaca\u011f\u0131 s\u0131navlar ve s\u0131nav tarihleri a\u015fa\u011f\u0131daki listede verilmi\u015ftir.\u00a0S\u0131navlara ba\u015fvuru tarihleri belirlendi\u011finde Takvim \u00fczerinde bu bilgiye de yer verilecektir.<\/p>\n<p>&nbsp;<\/p>\n<p>G\u00fcncel geli\u015fmelere g\u00f6re 2015 S\u0131nav Takvimi yenilenebilmektedir. \u0130lgililerin zaman i\u00e7inde takvim bilgilerini kontrol etmeleri tavsiye edilir. (\u00d6SYM)<\/p>\n<p>&nbsp;<\/p>\n<p>&nbsp;<\/p>\n<p><strong>2015 Y\u0131l\u0131 \u00d6SYM S\u0131navlar\u0131 ve Tarihleri:<\/strong><\/p>\n<p>&nbsp;<\/p>\n<p>&nbsp;<\/p>\n<p>&nbsp;<\/p>\n<div align=\"center\">\n<table border=\"1\" width=\"100%\" cellspacing=\"1\" cellpadding=\"0\">\n<tbody>\n<tr>\n<td colspan=\"3\">\n<p align=\"center\"><strong>\u00d6l\u00e7me, Se\u00e7me ve Yerle\u015ftirme Merkezi<\/strong><b>\u00a0<\/b><strong>2015 Y\u0131l\u0131 S\u0131nav Takvimi<\/strong><\/p>\n<\/td>\n<\/tr>\n<tr>\n<td>\n<p align=\"center\"><strong>S\u0131ra<\/strong><\/p>\n<\/td>\n<td><strong>S\u0131nav\u0131n Ad\u0131<\/strong><\/td>\n<td>\n<p align=\"center\"><strong>S\u0131nav Tarihi<\/strong><\/p>\n<\/td>\n<\/tr>\n<tr>\n<td>\n<p align=\"center\">1.<\/p>\n<\/td>\n<td>Jandarma Okullar Komutanl\u0131\u011f\u0131 Jandarma Astsubay Temel Kursu Giri\u015f S\u0131nav\u0131<br \/>\n<strong>2015-JANA <\/strong><\/td>\n<td>\n<p align=\"center\">07.03.2015<\/p>\n<\/td>\n<\/tr>\n<tr>\n<td>\n<p align=\"center\">2.<\/p>\n<\/td>\n<td>Y\u00fcksek\u00f6\u011fretime Ge\u00e7i\u015f S\u0131nav\u0131<br \/>\n<strong>2015-YGS<\/strong><\/td>\n<td>\n<p align=\"center\">15.03.2015<\/p>\n<\/td>\n<\/tr>\n<tr>\n<td>\n<p align=\"center\">3.<\/p>\n<\/td>\n<td>Yabanc\u0131 Dil Bilgisi Seviye Tespit S\u0131nav\u0131 (\u0130lkbahar D\u00f6nemi)<br \/>\n<strong>2015-YDS \u0130lkbahar D\u00f6nemi<\/strong><\/td>\n<td>\n<p align=\"center\">05.04.2015<\/p>\n<\/td>\n<\/tr>\n<tr>\n<td>\n<p align=\"center\">4.<\/p>\n<\/td>\n<td>T\u0131pta Uzmanl\u0131k E\u011fitimi Giri\u015f S\u0131nav\u0131 (\u0130lkbahar D\u00f6nemi)<br \/>\n<strong>2015-TUS \u0130lkbahar D\u00f6nemi<\/strong><\/td>\n<td>\n<p align=\"center\">12.04.2015<\/p>\n<\/td>\n<\/tr>\n<tr>\n<td>\n<p align=\"center\">5.<\/p>\n<\/td>\n<td>T\u0131p Doktorlu\u011fu Alan\u0131nda Yurtd\u0131\u015f\u0131 Y\u00fcksek\u00f6\u011fretim Diploma Denkli\u011fi \u0130\u00e7in Seviye Tespit S\u0131nav\u0131 (\u0130lkbahar D\u00f6nemi)<br \/>\n<strong>2015-STS TIP DOKTORLU\u011eU \u0130lkbahar D\u00f6nemi<\/strong><\/td>\n<td>\n<p align=\"center\">12.04.2015<\/p>\n<\/td>\n<\/tr>\n<tr>\n<td>\n<p align=\"center\">6.<\/p>\n<\/td>\n<td>T\u00fcrk Silahl\u0131 Kuvvetleri Askeri Liseler ile Bando Astsubay Haz\u0131rlama Okulunda \u00d6\u011frenim G\u00f6recek \u00d6\u011frencileri Se\u00e7me S\u0131nav\u0131<br \/>\n<strong>2015-ALS <\/strong><\/td>\n<td>\n<p align=\"center\">19.04.2015<\/p>\n<\/td>\n<\/tr>\n<tr>\n<td>\n<p align=\"center\">7.<\/p>\n<\/td>\n<td>Akademik Personel ve Lisans\u00fcst\u00fc E\u011fitimi Giri\u015f S\u0131nav\u0131 (\u0130lkbahar D\u00f6nemi)<br \/>\n<strong>2015-ALES \u0130lkbahar D\u00f6nemi <\/strong><\/td>\n<td>\n<p align=\"center\">10.05.2015<\/p>\n<\/td>\n<\/tr>\n<tr>\n<td>\n<p align=\"center\">8.<\/p>\n<\/td>\n<td>\u0130\u015f Sa\u011fl\u0131\u011f\u0131 ve G\u00fcvenli\u011fi Genel M\u00fcd\u00fcrl\u00fc\u011f\u00fc \u0130\u015fyeri Hekimli\u011fi ve \u0130\u015f G\u00fcvenli\u011fi Uzmanl\u0131\u011f\u0131 S\u0131nav\u0131 (May\u0131s D\u00f6nemi)<br \/>\n<strong>2015-\u0130SG May\u0131s D\u00f6nemi<\/strong><\/td>\n<td>\n<p align=\"center\">23.05.2015<\/p>\n<\/td>\n<\/tr>\n<tr>\n<td>\n<p align=\"center\">9.<\/p>\n<\/td>\n<td>Lisans Yerle\u015ftirme S\u0131nav\u0131-4 (Sosyal Bilimler)<br \/>\n<strong>2015-LYS4 <\/strong><\/td>\n<td>\n<p align=\"center\">13.06.2015<\/p>\n<\/td>\n<\/tr>\n<tr>\n<td>\n<p align=\"center\">10.<\/p>\n<\/td>\n<td>Lisans Yerle\u015ftirme S\u0131nav\u0131-1 (Matematik)<br \/>\n<strong>2015-LYS1 <\/strong><\/td>\n<td>\n<p align=\"center\">14.06.2015<\/p>\n<\/td>\n<\/tr>\n<tr>\n<td>\n<p align=\"center\">11.<\/p>\n<\/td>\n<td>Lisans Yerle\u015ftirme S\u0131nav\u0131-5 (Yabanc\u0131 Dil)<br \/>\n<strong>2015-LYS5 <\/strong><\/td>\n<td>\n<p align=\"center\">14.06.2015<\/p>\n<\/td>\n<\/tr>\n<tr>\n<td>\n<p align=\"center\">12.<\/p>\n<\/td>\n<td>Lisans Yerle\u015ftirme S\u0131nav\u0131-2 (Fen Bilimleri)<br \/>\n<strong>2015-LYS2 <\/strong><\/td>\n<td>\n<p align=\"center\">20.06.2015<\/p>\n<\/td>\n<\/tr>\n<tr>\n<td>\n<p align=\"center\">13.<\/p>\n<\/td>\n<td>Lisans Yerle\u015ftirme S\u0131nav\u0131-3 (Edebiyat-Co\u011frafya)<br \/>\n<strong>2015-LYS3<\/strong><\/td>\n<td>\n<p align=\"center\">21.06.2015<\/p>\n<\/td>\n<\/tr>\n<tr>\n<td>\n<p align=\"center\">14.<\/p>\n<\/td>\n<td>Kamu Personel Se\u00e7me S\u0131nav\u0131<\/p>\n<p><strong>2015-KPSS A Grubu ve \u00d6\u011fretmenlik<\/strong><\/td>\n<td>\n<p align=\"center\">04.07.2015<\/p>\n<p align=\"center\">05.07.2015<\/p>\n<\/td>\n<\/tr>\n<tr>\n<td>\n<p align=\"center\">15.<\/p>\n<\/td>\n<td>Kamu Personel Se\u00e7me S\u0131nav\u0131<br \/>\n<strong>2015-KPSS \u00d6\u011fretmenlik Alan Bilgisi (\u00d6ABT)<\/strong><\/td>\n<td>\n<p align=\"center\">12.07.2015<\/p>\n<\/td>\n<\/tr>\n<tr>\n<td>\n<p align=\"center\">16.<\/p>\n<\/td>\n<td>Dikey Ge\u00e7i\u015f S\u0131nav\u0131<br \/>\n<strong>2015-DGS<\/strong><\/td>\n<td>\n<p align=\"center\">26.07.2015<\/p>\n<\/td>\n<\/tr>\n<tr>\n<td>\n<p align=\"center\">17.<\/p>\n<\/td>\n<td>Teknik \u00d6\u011fretmenler \u0130\u00e7in M\u00fchendislik Tamamlama Programlar\u0131 Giri\u015f S\u0131nav\u0131<br \/>\n<strong>2015-M\u00fchendislik Tamamlama<\/strong><\/td>\n<td>\n<p align=\"center\">26.07.2015<\/p>\n<\/td>\n<\/tr>\n<tr>\n<td>\n<p align=\"center\">18.<\/p>\n<\/td>\n<td>Yabanc\u0131 Dil Bilgisi Seviye Tespit S\u0131nav\u0131 (Sonbahar D\u00f6nemi)<br \/>\n<strong>2015-YDS Sonbahar D\u00f6nemi<\/strong><\/td>\n<td>\n<p align=\"center\">13.09.2015<\/p>\n<\/td>\n<\/tr>\n<tr>\n<td>\n<p align=\"center\">19.<\/p>\n<\/td>\n<td>Di\u015f Hekimli\u011finde Uzmanl\u0131k E\u011fitimi Giri\u015f S\u0131nav\u0131<br \/>\n<strong>2015-DUS <\/strong><\/td>\n<td>\n<p align=\"center\">20.09.2015<\/p>\n<\/td>\n<\/tr>\n<tr>\n<td>\n<p align=\"center\">20.<\/p>\n<\/td>\n<td>Di\u015f Hekimli\u011fi Alan\u0131nda Yurtd\u0131\u015f\u0131 Y\u00fcksek\u00f6\u011fretim Diploma Denkli\u011fi \u0130\u00e7in Seviye Tespit S\u0131nav\u0131<br \/>\n<strong>2015-STS D\u0130\u015e HEK\u0130ML\u0130\u011e\u0130 <\/strong><\/td>\n<td>\n<p align=\"center\">20.09.2015<\/p>\n<\/td>\n<\/tr>\n<tr>\n<td>\n<p align=\"center\">21.<\/p>\n<\/td>\n<td>T\u0131pta Uzmanl\u0131k E\u011fitimi Giri\u015f S\u0131nav\u0131 (Sonbahar D\u00f6nemi)<br \/>\n2015-TUS Sonbahar D\u00f6nemi<\/td>\n<td>\n<p align=\"center\">20.09.2015<\/p>\n<\/td>\n<\/tr>\n<tr>\n<td>\n<p align=\"center\">22.<\/p>\n<\/td>\n<td>T\u0131p Doktorlu\u011fu Alan\u0131nda Yurtd\u0131\u015f\u0131 Y\u00fcksek\u00f6\u011fretim Diploma Denkli\u011fi \u0130\u00e7in Seviye Tespit S\u0131nav\u0131 (Sonbahar<br \/>\nD\u00f6nemi)<br \/>\n<strong>2015-STS TIP DOKTORLU\u011eU Sonbahar D\u00f6nemi <\/strong><\/td>\n<td>\n<p align=\"center\">20.09.2015<\/p>\n<\/td>\n<\/tr>\n<tr>\n<td>\n<p align=\"center\">23.<\/p>\n<\/td>\n<td>Akademik Personel ve Lisans\u00fcst\u00fc E\u011fitimi Giri\u015f S\u0131nav\u0131 (Sonbahar D\u00f6nemi)<br \/>\n<strong>2015-ALES Sonbahar D\u00f6nemi <\/strong><\/td>\n<td>\n<p align=\"center\">22.11.2015<\/p>\n<\/td>\n<\/tr>\n<tr>\n<td>\n<p align=\"center\">24.<\/p>\n<\/td>\n<td>\u0130\u015f Sa\u011fl\u0131\u011f\u0131 ve G\u00fcvenli\u011fi Genel M\u00fcd\u00fcrl\u00fc\u011f\u00fc \u0130\u015fyeri Hekimli\u011fi ve \u0130\u015f G\u00fcvenli\u011fi Uzmanl\u0131\u011f\u0131 S\u0131nav\u0131 (Aral\u0131k D\u00f6nemi)<br \/>\n<strong>2015-\u0130SG Aral\u0131k D\u00f6nemi<\/strong><\/td>\n<td>\n<p align=\"center\">05.12.2015<\/p>\n<\/td>\n<\/tr>\n<tr>\n<td>\n<p align=\"center\">25.<\/p>\n<\/td>\n<td>T\u0131pta Yan Dal Uzmanl\u0131k E\u011fitimi Giri\u015f S\u0131nav\u0131<br \/>\n<strong>2015-YDUS<\/strong><\/td>\n<td>\n<p align=\"center\">13.12.2015<\/p>\n<\/td>\n<\/tr>\n<tr>\n<td><\/td>\n<td>&#8211;\u00a0 Takvim g\u00fcncel geli\u015fmelere g\u00f6re yenilenebilecektir. Bu nedenle ilgililerin s\u0131k s\u0131k Takvim bilgilerini kontrol etmeleri tavsiye edilir.<\/td>\n<td><\/td>\n<\/tr>\n<\/tbody>\n<\/table>\n<\/div>\n","protected":false},"excerpt":{"rendered":"<p>\u00d6SYM taraf\u0131ndan yay\u0131nlanan s\u0131nav takvimine g\u00f6re 2015 y\u0131l\u0131nda \u00d6SYM\u2019nin yapaca\u011f\u0131 s\u0131navlar ve s\u0131nav tarihleri a\u015fa\u011f\u0131daki listede verilmi\u015ftir.\u00a0S\u0131navlara ba\u015fvuru tarihleri belirlendi\u011finde Takvim \u00fczerinde bu bilgiye de yer verilecektir. &nbsp; G\u00fcncel geli\u015fmelere g\u00f6re 2015 S\u0131nav Takvimi yenilenebilmektedir. \u0130lgililerin zaman i\u00e7inde takvim bilgilerini kontrol etmeleri tavsiye edilir. (\u00d6SYM) &nbsp; &nbsp; 2015 Y\u0131l\u0131 \u00d6SYM S\u0131navlar\u0131 ve Tarihleri: &nbsp; &nbsp; &hellip;<\/p>\n","protected":false},"author":1,"featured_media":0,"comment_status":"open","ping_status":"open","sticky":false,"template":"","format":"standard","meta":{"footnotes":""},"categories":[1,49],"tags":[729,50,647,25,101,78,335,51,479,157,92,158,100],"class_list":["post-2025","post","type-post","status-publish","format-standard","","category-genel","category-osym","tag-729","tag-ales","tag-ilkbahar","tag-kpss","tag-lys","tag-ne-zaman","tag-ogretmenlik","tag-sinav","tag-sonbahar","tag-takvimi","tag-tarih","tag-tarihleri","tag-ygs"],"yoast_head":"<!-- This site is optimized with the Yoast SEO plugin v24.5 - https:\/\/yoast.com\/wordpress\/plugins\/seo\/ -->\n<title>2015 \u00d6SYM S\u0131nav Takvimi<\/title>\n<meta name=\"robots\" content=\"index, follow, max-snippet:-1, max-image-preview:large, max-video-preview:-1\" \/>\n<link rel=\"canonical\" href=\"http:\/\/www.muhasebedersleri.com\/haber\/2015-osym-sinav-takvimi\/\" \/>\n<meta property=\"og:locale\" content=\"tr_TR\" \/>\n<meta property=\"og:type\" content=\"article\" \/>\n<meta property=\"og:title\" content=\"2015 \u00d6SYM S\u0131nav Takvimi\" \/>\n<meta property=\"og:description\" content=\"\u00d6SYM taraf\u0131ndan yay\u0131nlanan s\u0131nav takvimine g\u00f6re 2015 y\u0131l\u0131nda \u00d6SYM\u2019nin yapaca\u011f\u0131 s\u0131navlar ve s\u0131nav tarihleri a\u015fa\u011f\u0131daki listede verilmi\u015ftir.\u00a0S\u0131navlara ba\u015fvuru tarihleri belirlendi\u011finde Takvim \u00fczerinde bu bilgiye de yer verilecektir. &nbsp; G\u00fcncel geli\u015fmelere g\u00f6re 2015 S\u0131nav Takvimi yenilenebilmektedir. \u0130lgililerin zaman i\u00e7inde takvim bilgilerini kontrol etmeleri tavsiye edilir. (\u00d6SYM) &nbsp; &nbsp; 2015 Y\u0131l\u0131 \u00d6SYM S\u0131navlar\u0131 ve Tarihleri: &nbsp; &nbsp; &hellip;\" \/>\n<meta property=\"og:url\" content=\"http:\/\/www.muhasebedersleri.com\/haber\/2015-osym-sinav-takvimi\/\" \/>\n<meta property=\"og:site_name\" content=\"Haberler\" \/>\n<meta property=\"article:published_time\" content=\"2014-10-16T19:07:41+00:00\" \/>\n<meta property=\"article:modified_time\" content=\"2014-10-16T19:22:16+00:00\" \/>\n<meta name=\"author\" content=\"hkn\" \/>\n<meta name=\"twitter:card\" content=\"summary_large_image\" \/>\n<meta name=\"twitter:label1\" content=\"Yazan:\" \/>\n\t<meta name=\"twitter:data1\" content=\"hkn\" \/>\n\t<meta name=\"twitter:label2\" content=\"Tahmini okuma s\u00fcresi\" \/>\n\t<meta name=\"twitter:data2\" content=\"2 dakika\" \/>\n<script type=\"application\/ld+json\" class=\"yoast-schema-graph\">{\"@context\":\"https:\/\/schema.org\",\"@graph\":[{\"@type\":\"WebPage\",\"@id\":\"http:\/\/www.muhasebedersleri.com\/haber\/2015-osym-sinav-takvimi\/\",\"url\":\"http:\/\/www.muhasebedersleri.com\/haber\/2015-osym-sinav-takvimi\/\",\"name\":\"2015 \u00d6SYM S\u0131nav Takvimi\",\"isPartOf\":{\"@id\":\"http:\/\/www.muhasebedersleri.com\/haber\/#website\"},\"datePublished\":\"2014-10-16T19:07:41+00:00\",\"dateModified\":\"2014-10-16T19:22:16+00:00\",\"author\":{\"@id\":\"http:\/\/www.muhasebedersleri.com\/haber\/#\/schema\/person\/6a28a468bdcf8a45f6a1f6fbb4f18137\"},\"breadcrumb\":{\"@id\":\"http:\/\/www.muhasebedersleri.com\/haber\/2015-osym-sinav-takvimi\/#breadcrumb\"},\"inLanguage\":\"tr\",\"potentialAction\":[{\"@type\":\"ReadAction\",\"target\":[\"http:\/\/www.muhasebedersleri.com\/haber\/2015-osym-sinav-takvimi\/\"]}]},{\"@type\":\"BreadcrumbList\",\"@id\":\"http:\/\/www.muhasebedersleri.com\/haber\/2015-osym-sinav-takvimi\/#breadcrumb\",\"itemListElement\":[{\"@type\":\"ListItem\",\"position\":1,\"name\":\"Ana sayfa\",\"item\":\"http:\/\/www.muhasebedersleri.com\/haber\/\"},{\"@type\":\"ListItem\",\"position\":2,\"name\":\"2015 \u00d6SYM S\u0131nav Takvimi\"}]},{\"@type\":\"WebSite\",\"@id\":\"http:\/\/www.muhasebedersleri.com\/haber\/#website\",\"url\":\"http:\/\/www.muhasebedersleri.com\/haber\/\",\"name\":\"Haberler\",\"description\":\"Muhasebe haber\",\"potentialAction\":[{\"@type\":\"SearchAction\",\"target\":{\"@type\":\"EntryPoint\",\"urlTemplate\":\"http:\/\/www.muhasebedersleri.com\/haber\/?s={search_term_string}\"},\"query-input\":{\"@type\":\"PropertyValueSpecification\",\"valueRequired\":true,\"valueName\":\"search_term_string\"}}],\"inLanguage\":\"tr\"},{\"@type\":\"Person\",\"@id\":\"http:\/\/www.muhasebedersleri.com\/haber\/#\/schema\/person\/6a28a468bdcf8a45f6a1f6fbb4f18137\",\"name\":\"hkn\",\"image\":{\"@type\":\"ImageObject\",\"inLanguage\":\"tr\",\"@id\":\"http:\/\/www.muhasebedersleri.com\/haber\/#\/schema\/person\/image\/\",\"url\":\"https:\/\/secure.gravatar.com\/avatar\/942b45aca9690df47674327d843d43de?s=96&d=mm&r=g\",\"contentUrl\":\"https:\/\/secure.gravatar.com\/avatar\/942b45aca9690df47674327d843d43de?s=96&d=mm&r=g\",\"caption\":\"hkn\"},\"url\":\"http:\/\/www.muhasebedersleri.com\/haber\/author\/hkn\/\"}]}<\/script>\n<!-- \/ Yoast SEO plugin. -->","yoast_head_json":{"title":"2015 \u00d6SYM S\u0131nav Takvimi","robots":{"index":"index","follow":"follow","max-snippet":"max-snippet:-1","max-image-preview":"max-image-preview:large","max-video-preview":"max-video-preview:-1"},"canonical":"http:\/\/www.muhasebedersleri.com\/haber\/2015-osym-sinav-takvimi\/","og_locale":"tr_TR","og_type":"article","og_title":"2015 \u00d6SYM S\u0131nav Takvimi","og_description":"\u00d6SYM taraf\u0131ndan yay\u0131nlanan s\u0131nav takvimine g\u00f6re 2015 y\u0131l\u0131nda \u00d6SYM\u2019nin yapaca\u011f\u0131 s\u0131navlar ve s\u0131nav tarihleri a\u015fa\u011f\u0131daki listede verilmi\u015ftir.\u00a0S\u0131navlara ba\u015fvuru tarihleri belirlendi\u011finde Takvim \u00fczerinde bu bilgiye de yer verilecektir. &nbsp; G\u00fcncel geli\u015fmelere g\u00f6re 2015 S\u0131nav Takvimi yenilenebilmektedir. \u0130lgililerin zaman i\u00e7inde takvim bilgilerini kontrol etmeleri tavsiye edilir. (\u00d6SYM) &nbsp; &nbsp; 2015 Y\u0131l\u0131 \u00d6SYM S\u0131navlar\u0131 ve Tarihleri: &nbsp; &nbsp; &hellip;","og_url":"http:\/\/www.muhasebedersleri.com\/haber\/2015-osym-sinav-takvimi\/","og_site_name":"Haberler","article_published_time":"2014-10-16T19:07:41+00:00","article_modified_time":"2014-10-16T19:22:16+00:00","author":"hkn","twitter_card":"summary_large_image","twitter_misc":{"Yazan:":"hkn","Tahmini okuma s\u00fcresi":"2 dakika"},"schema":{"@context":"https:\/\/schema.org","@graph":[{"@type":"WebPage","@id":"http:\/\/www.muhasebedersleri.com\/haber\/2015-osym-sinav-takvimi\/","url":"http:\/\/www.muhasebedersleri.com\/haber\/2015-osym-sinav-takvimi\/","name":"2015 \u00d6SYM S\u0131nav Takvimi","isPartOf":{"@id":"http:\/\/www.muhasebedersleri.com\/haber\/#website"},"datePublished":"2014-10-16T19:07:41+00:00","dateModified":"2014-10-16T19:22:16+00:00","author":{"@id":"http:\/\/www.muhasebedersleri.com\/haber\/#\/schema\/person\/6a28a468bdcf8a45f6a1f6fbb4f18137"},"breadcrumb":{"@id":"http:\/\/www.muhasebedersleri.com\/haber\/2015-osym-sinav-takvimi\/#breadcrumb"},"inLanguage":"tr","potentialAction":[{"@type":"ReadAction","target":["http:\/\/www.muhasebedersleri.com\/haber\/2015-osym-sinav-takvimi\/"]}]},{"@type":"BreadcrumbList","@id":"http:\/\/www.muhasebedersleri.com\/haber\/2015-osym-sinav-takvimi\/#breadcrumb","itemListElement":[{"@type":"ListItem","position":1,"name":"Ana sayfa","item":"http:\/\/www.muhasebedersleri.com\/haber\/"},{"@type":"ListItem","position":2,"name":"2015 \u00d6SYM S\u0131nav Takvimi"}]},{"@type":"WebSite","@id":"http:\/\/www.muhasebedersleri.com\/haber\/#website","url":"http:\/\/www.muhasebedersleri.com\/haber\/","name":"Haberler","description":"Muhasebe haber","potentialAction":[{"@type":"SearchAction","target":{"@type":"EntryPoint","urlTemplate":"http:\/\/www.muhasebedersleri.com\/haber\/?s={search_term_string}"},"query-input":{"@type":"PropertyValueSpecification","valueRequired":true,"valueName":"search_term_string"}}],"inLanguage":"tr"},{"@type":"Person","@id":"http:\/\/www.muhasebedersleri.com\/haber\/#\/schema\/person\/6a28a468bdcf8a45f6a1f6fbb4f18137","name":"hkn","image":{"@type":"ImageObject","inLanguage":"tr","@id":"http:\/\/www.muhasebedersleri.com\/haber\/#\/schema\/person\/image\/","url":"https:\/\/secure.gravatar.com\/avatar\/942b45aca9690df47674327d843d43de?s=96&d=mm&r=g","contentUrl":"https:\/\/secure.gravatar.com\/avatar\/942b45aca9690df47674327d843d43de?s=96&d=mm&r=g","caption":"hkn"},"url":"http:\/\/www.muhasebedersleri.com\/haber\/author\/hkn\/"}]}},"views":8745,"_links":{"self":[{"href":"http:\/\/www.muhasebedersleri.com\/haber\/wp-json\/wp\/v2\/posts\/2025","targetHints":{"allow":["GET"]}}],"collection":[{"href":"http:\/\/www.muhasebedersleri.com\/haber\/wp-json\/wp\/v2\/posts"}],"about":[{"href":"http:\/\/www.muhasebedersleri.com\/haber\/wp-json\/wp\/v2\/types\/post"}],"author":[{"embeddable":true,"href":"http:\/\/www.muhasebedersleri.com\/haber\/wp-json\/wp\/v2\/users\/1"}],"replies":[{"embeddable":true,"href":"http:\/\/www.muhasebedersleri.com\/haber\/wp-json\/wp\/v2\/comments?post=2025"}],"version-history":[{"count":10,"href":"http:\/\/www.muhasebedersleri.com\/haber\/wp-json\/wp\/v2\/posts\/2025\/revisions"}],"predecessor-version":[{"id":2035,"href":"http:\/\/www.muhasebedersleri.com\/haber\/wp-json\/wp\/v2\/posts\/2025\/revisions\/2035"}],"wp:attachment":[{"href":"http:\/\/www.muhasebedersleri.com\/haber\/wp-json\/wp\/v2\/media?parent=2025"}],"wp:term":[{"taxonomy":"category","embeddable":true,"href":"http:\/\/www.muhasebedersleri.com\/haber\/wp-json\/wp\/v2\/categories?post=2025"},{"taxonomy":"post_tag","embeddable":true,"href":"http:\/\/www.muhasebedersleri.com\/haber\/wp-json\/wp\/v2\/tags?post=2025"}],"curies":[{"name":"wp","href":"https:\/\/api.w.org\/{rel}","templated":true}]}}