{"id":1187,"date":"2013-10-26T23:02:29","date_gmt":"2013-10-26T20:02:29","guid":{"rendered":"http:\/\/www.muhasebedersleri.com\/haber\/?p=1187"},"modified":"2013-10-26T23:03:00","modified_gmt":"2013-10-26T20:03:00","slug":"29-ekim-cumhuriyet-bayrami-tatili","status":"publish","type":"post","link":"http:\/\/www.muhasebedersleri.com\/haber\/29-ekim-cumhuriyet-bayrami-tatili\/","title":{"rendered":"29 Ekim Cumhuriyet Bayram\u0131 Tatili"},"content":{"rendered":"<p>29 Ekim Cumhuriyet Bayram\u0131nda ka\u00e7 g\u00fcn tatil var:<\/p>\n<p>&nbsp;<\/p>\n<p>Milli E\u011fitim Bakanl\u0131\u011f\u0131 resmi bayramlar y\u00f6netmeli\u011fine g\u00f6re 29 Ekim Cumhuriyet Bayram\u0131 28 Ekim g\u00fcn\u00fc \u00f6\u011fleden sonra ba\u015flamaktad\u0131r. Bu nedenle t\u00fcm okullarda 28 Ekim Pazartesi g\u00fcn\u00fc \u00f6\u011fleden sonra resmi tatil ba\u015flay\u0131p 29 Ekim Sal\u0131 g\u00fcn\u00fc ak\u015fam\u0131na kadar s\u00fcrecektir. Fakat hen\u00fcz resmi bir a\u00e7\u0131klama yap\u0131lmad\u0131, yap\u0131lmad\u0131\u011f\u0131 takdirde ise <strong>1,5 g\u00fcn tatil<\/strong> var demektir.<\/p>\n<p>&nbsp;<\/p>\n<p>\u0130stanbul Valili\u011fi&#8217;nden yap\u0131lan a\u00e7\u0131klamaya g\u00f6re, 28 Ekim 2013 Pazartesi g\u00fcn\u00fc saat 13.00&#8217;de ba\u015flayacak ildeki kutlamalar, 29 Ekim 2013 Sal\u0131 g\u00fcn\u00fc saat 24.00&#8217;de sona erecek. Ulusal ve Resmi Bayramlar ile Mahalli Kurtulu\u015f G\u00fcnleri, Atat\u00fcrk G\u00fcnleri ve Tarihi G\u00fcnlerde Yap\u0131lacak T\u00f6ren ve Kutlamalar Y\u00f6netmeli\u011fi gere\u011fince kutlamalar\u0131n ba\u015flang\u0131\u00e7 ve biti\u015f saatleri aras\u0131nda resmi kurumlar bayraklarla donat\u0131lacak.<\/p>\n","protected":false},"excerpt":{"rendered":"<p>29 Ekim Cumhuriyet Bayram\u0131nda ka\u00e7 g\u00fcn tatil var: &nbsp; Milli E\u011fitim Bakanl\u0131\u011f\u0131 resmi bayramlar y\u00f6netmeli\u011fine g\u00f6re 29 Ekim Cumhuriyet Bayram\u0131 28 Ekim g\u00fcn\u00fc \u00f6\u011fleden sonra ba\u015flamaktad\u0131r. Bu nedenle t\u00fcm okullarda 28 Ekim Pazartesi g\u00fcn\u00fc \u00f6\u011fleden sonra resmi tatil ba\u015flay\u0131p 29 Ekim Sal\u0131 g\u00fcn\u00fc ak\u015fam\u0131na kadar s\u00fcrecektir. Fakat hen\u00fcz resmi bir a\u00e7\u0131klama yap\u0131lmad\u0131, yap\u0131lmad\u0131\u011f\u0131 takdirde ise &hellip;<\/p>\n","protected":false},"author":1,"featured_media":0,"comment_status":"open","ping_status":"open","sticky":false,"template":"","format":"standard","meta":{"footnotes":""},"categories":[1],"tags":[23,547,548,549,273,270],"class_list":["post-1187","post","type-post","status-publish","format-standard","","category-genel","tag-23","tag-29-ekim","tag-kac-gun","tag-pazartesi","tag-sali","tag-tatil"],"yoast_head":"<!-- This site is optimized with the Yoast SEO plugin v24.5 - https:\/\/yoast.com\/wordpress\/plugins\/seo\/ -->\n<title>29 Ekim Cumhuriyet Bayram\u0131 Tatili<\/title>\n<meta name=\"robots\" content=\"index, follow, max-snippet:-1, max-image-preview:large, max-video-preview:-1\" \/>\n<link rel=\"canonical\" href=\"http:\/\/www.muhasebedersleri.com\/haber\/29-ekim-cumhuriyet-bayrami-tatili\/\" \/>\n<meta property=\"og:locale\" content=\"tr_TR\" \/>\n<meta property=\"og:type\" content=\"article\" \/>\n<meta property=\"og:title\" content=\"29 Ekim Cumhuriyet Bayram\u0131 Tatili\" \/>\n<meta property=\"og:description\" content=\"29 Ekim Cumhuriyet Bayram\u0131nda ka\u00e7 g\u00fcn tatil var: &nbsp; Milli E\u011fitim Bakanl\u0131\u011f\u0131 resmi bayramlar y\u00f6netmeli\u011fine g\u00f6re 29 Ekim Cumhuriyet Bayram\u0131 28 Ekim g\u00fcn\u00fc \u00f6\u011fleden sonra ba\u015flamaktad\u0131r. Bu nedenle t\u00fcm okullarda 28 Ekim Pazartesi g\u00fcn\u00fc \u00f6\u011fleden sonra resmi tatil ba\u015flay\u0131p 29 Ekim Sal\u0131 g\u00fcn\u00fc ak\u015fam\u0131na kadar s\u00fcrecektir. Fakat hen\u00fcz resmi bir a\u00e7\u0131klama yap\u0131lmad\u0131, yap\u0131lmad\u0131\u011f\u0131 takdirde ise &hellip;\" \/>\n<meta property=\"og:url\" content=\"http:\/\/www.muhasebedersleri.com\/haber\/29-ekim-cumhuriyet-bayrami-tatili\/\" \/>\n<meta property=\"og:site_name\" content=\"Haberler\" \/>\n<meta property=\"article:published_time\" content=\"2013-10-26T20:02:29+00:00\" \/>\n<meta property=\"article:modified_time\" content=\"2013-10-26T20:03:00+00:00\" \/>\n<meta name=\"author\" content=\"hkn\" \/>\n<meta name=\"twitter:card\" content=\"summary_large_image\" \/>\n<meta name=\"twitter:label1\" content=\"Yazan:\" \/>\n\t<meta name=\"twitter:data1\" content=\"hkn\" \/>\n\t<meta name=\"twitter:label2\" content=\"Tahmini okuma s\u00fcresi\" \/>\n\t<meta name=\"twitter:data2\" content=\"1 dakika\" \/>\n<script type=\"application\/ld+json\" class=\"yoast-schema-graph\">{\"@context\":\"https:\/\/schema.org\",\"@graph\":[{\"@type\":\"WebPage\",\"@id\":\"http:\/\/www.muhasebedersleri.com\/haber\/29-ekim-cumhuriyet-bayrami-tatili\/\",\"url\":\"http:\/\/www.muhasebedersleri.com\/haber\/29-ekim-cumhuriyet-bayrami-tatili\/\",\"name\":\"29 Ekim Cumhuriyet Bayram\u0131 Tatili\",\"isPartOf\":{\"@id\":\"http:\/\/www.muhasebedersleri.com\/haber\/#website\"},\"datePublished\":\"2013-10-26T20:02:29+00:00\",\"dateModified\":\"2013-10-26T20:03:00+00:00\",\"author\":{\"@id\":\"http:\/\/www.muhasebedersleri.com\/haber\/#\/schema\/person\/6a28a468bdcf8a45f6a1f6fbb4f18137\"},\"breadcrumb\":{\"@id\":\"http:\/\/www.muhasebedersleri.com\/haber\/29-ekim-cumhuriyet-bayrami-tatili\/#breadcrumb\"},\"inLanguage\":\"tr\",\"potentialAction\":[{\"@type\":\"ReadAction\",\"target\":[\"http:\/\/www.muhasebedersleri.com\/haber\/29-ekim-cumhuriyet-bayrami-tatili\/\"]}]},{\"@type\":\"BreadcrumbList\",\"@id\":\"http:\/\/www.muhasebedersleri.com\/haber\/29-ekim-cumhuriyet-bayrami-tatili\/#breadcrumb\",\"itemListElement\":[{\"@type\":\"ListItem\",\"position\":1,\"name\":\"Ana sayfa\",\"item\":\"http:\/\/www.muhasebedersleri.com\/haber\/\"},{\"@type\":\"ListItem\",\"position\":2,\"name\":\"29 Ekim Cumhuriyet Bayram\u0131 Tatili\"}]},{\"@type\":\"WebSite\",\"@id\":\"http:\/\/www.muhasebedersleri.com\/haber\/#website\",\"url\":\"http:\/\/www.muhasebedersleri.com\/haber\/\",\"name\":\"Haberler\",\"description\":\"Muhasebe haber\",\"potentialAction\":[{\"@type\":\"SearchAction\",\"target\":{\"@type\":\"EntryPoint\",\"urlTemplate\":\"http:\/\/www.muhasebedersleri.com\/haber\/?s={search_term_string}\"},\"query-input\":{\"@type\":\"PropertyValueSpecification\",\"valueRequired\":true,\"valueName\":\"search_term_string\"}}],\"inLanguage\":\"tr\"},{\"@type\":\"Person\",\"@id\":\"http:\/\/www.muhasebedersleri.com\/haber\/#\/schema\/person\/6a28a468bdcf8a45f6a1f6fbb4f18137\",\"name\":\"hkn\",\"image\":{\"@type\":\"ImageObject\",\"inLanguage\":\"tr\",\"@id\":\"http:\/\/www.muhasebedersleri.com\/haber\/#\/schema\/person\/image\/\",\"url\":\"https:\/\/secure.gravatar.com\/avatar\/942b45aca9690df47674327d843d43de?s=96&d=mm&r=g\",\"contentUrl\":\"https:\/\/secure.gravatar.com\/avatar\/942b45aca9690df47674327d843d43de?s=96&d=mm&r=g\",\"caption\":\"hkn\"},\"url\":\"http:\/\/www.muhasebedersleri.com\/haber\/author\/hkn\/\"}]}<\/script>\n<!-- \/ Yoast SEO plugin. -->","yoast_head_json":{"title":"29 Ekim Cumhuriyet Bayram\u0131 Tatili","robots":{"index":"index","follow":"follow","max-snippet":"max-snippet:-1","max-image-preview":"max-image-preview:large","max-video-preview":"max-video-preview:-1"},"canonical":"http:\/\/www.muhasebedersleri.com\/haber\/29-ekim-cumhuriyet-bayrami-tatili\/","og_locale":"tr_TR","og_type":"article","og_title":"29 Ekim Cumhuriyet Bayram\u0131 Tatili","og_description":"29 Ekim Cumhuriyet Bayram\u0131nda ka\u00e7 g\u00fcn tatil var: &nbsp; Milli E\u011fitim Bakanl\u0131\u011f\u0131 resmi bayramlar y\u00f6netmeli\u011fine g\u00f6re 29 Ekim Cumhuriyet Bayram\u0131 28 Ekim g\u00fcn\u00fc \u00f6\u011fleden sonra ba\u015flamaktad\u0131r. Bu nedenle t\u00fcm okullarda 28 Ekim Pazartesi g\u00fcn\u00fc \u00f6\u011fleden sonra resmi tatil ba\u015flay\u0131p 29 Ekim Sal\u0131 g\u00fcn\u00fc ak\u015fam\u0131na kadar s\u00fcrecektir. Fakat hen\u00fcz resmi bir a\u00e7\u0131klama yap\u0131lmad\u0131, yap\u0131lmad\u0131\u011f\u0131 takdirde ise &hellip;","og_url":"http:\/\/www.muhasebedersleri.com\/haber\/29-ekim-cumhuriyet-bayrami-tatili\/","og_site_name":"Haberler","article_published_time":"2013-10-26T20:02:29+00:00","article_modified_time":"2013-10-26T20:03:00+00:00","author":"hkn","twitter_card":"summary_large_image","twitter_misc":{"Yazan:":"hkn","Tahmini okuma s\u00fcresi":"1 dakika"},"schema":{"@context":"https:\/\/schema.org","@graph":[{"@type":"WebPage","@id":"http:\/\/www.muhasebedersleri.com\/haber\/29-ekim-cumhuriyet-bayrami-tatili\/","url":"http:\/\/www.muhasebedersleri.com\/haber\/29-ekim-cumhuriyet-bayrami-tatili\/","name":"29 Ekim Cumhuriyet Bayram\u0131 Tatili","isPartOf":{"@id":"http:\/\/www.muhasebedersleri.com\/haber\/#website"},"datePublished":"2013-10-26T20:02:29+00:00","dateModified":"2013-10-26T20:03:00+00:00","author":{"@id":"http:\/\/www.muhasebedersleri.com\/haber\/#\/schema\/person\/6a28a468bdcf8a45f6a1f6fbb4f18137"},"breadcrumb":{"@id":"http:\/\/www.muhasebedersleri.com\/haber\/29-ekim-cumhuriyet-bayrami-tatili\/#breadcrumb"},"inLanguage":"tr","potentialAction":[{"@type":"ReadAction","target":["http:\/\/www.muhasebedersleri.com\/haber\/29-ekim-cumhuriyet-bayrami-tatili\/"]}]},{"@type":"BreadcrumbList","@id":"http:\/\/www.muhasebedersleri.com\/haber\/29-ekim-cumhuriyet-bayrami-tatili\/#breadcrumb","itemListElement":[{"@type":"ListItem","position":1,"name":"Ana sayfa","item":"http:\/\/www.muhasebedersleri.com\/haber\/"},{"@type":"ListItem","position":2,"name":"29 Ekim Cumhuriyet Bayram\u0131 Tatili"}]},{"@type":"WebSite","@id":"http:\/\/www.muhasebedersleri.com\/haber\/#website","url":"http:\/\/www.muhasebedersleri.com\/haber\/","name":"Haberler","description":"Muhasebe haber","potentialAction":[{"@type":"SearchAction","target":{"@type":"EntryPoint","urlTemplate":"http:\/\/www.muhasebedersleri.com\/haber\/?s={search_term_string}"},"query-input":{"@type":"PropertyValueSpecification","valueRequired":true,"valueName":"search_term_string"}}],"inLanguage":"tr"},{"@type":"Person","@id":"http:\/\/www.muhasebedersleri.com\/haber\/#\/schema\/person\/6a28a468bdcf8a45f6a1f6fbb4f18137","name":"hkn","image":{"@type":"ImageObject","inLanguage":"tr","@id":"http:\/\/www.muhasebedersleri.com\/haber\/#\/schema\/person\/image\/","url":"https:\/\/secure.gravatar.com\/avatar\/942b45aca9690df47674327d843d43de?s=96&d=mm&r=g","contentUrl":"https:\/\/secure.gravatar.com\/avatar\/942b45aca9690df47674327d843d43de?s=96&d=mm&r=g","caption":"hkn"},"url":"http:\/\/www.muhasebedersleri.com\/haber\/author\/hkn\/"}]}},"views":4607,"_links":{"self":[{"href":"http:\/\/www.muhasebedersleri.com\/haber\/wp-json\/wp\/v2\/posts\/1187","targetHints":{"allow":["GET"]}}],"collection":[{"href":"http:\/\/www.muhasebedersleri.com\/haber\/wp-json\/wp\/v2\/posts"}],"about":[{"href":"http:\/\/www.muhasebedersleri.com\/haber\/wp-json\/wp\/v2\/types\/post"}],"author":[{"embeddable":true,"href":"http:\/\/www.muhasebedersleri.com\/haber\/wp-json\/wp\/v2\/users\/1"}],"replies":[{"embeddable":true,"href":"http:\/\/www.muhasebedersleri.com\/haber\/wp-json\/wp\/v2\/comments?post=1187"}],"version-history":[{"count":2,"href":"http:\/\/www.muhasebedersleri.com\/haber\/wp-json\/wp\/v2\/posts\/1187\/revisions"}],"predecessor-version":[{"id":1189,"href":"http:\/\/www.muhasebedersleri.com\/haber\/wp-json\/wp\/v2\/posts\/1187\/revisions\/1189"}],"wp:attachment":[{"href":"http:\/\/www.muhasebedersleri.com\/haber\/wp-json\/wp\/v2\/media?parent=1187"}],"wp:term":[{"taxonomy":"category","embeddable":true,"href":"http:\/\/www.muhasebedersleri.com\/haber\/wp-json\/wp\/v2\/categories?post=1187"},{"taxonomy":"post_tag","embeddable":true,"href":"http:\/\/www.muhasebedersleri.com\/haber\/wp-json\/wp\/v2\/tags?post=1187"}],"curies":[{"name":"wp","href":"https:\/\/api.w.org\/{rel}","templated":true}]}}