{"id":1115,"date":"2013-10-06T16:49:38","date_gmt":"2013-10-06T13:49:38","guid":{"rendered":"http:\/\/www.muhasebedersleri.com\/haber\/?p=1115"},"modified":"2013-10-06T16:49:38","modified_gmt":"2013-10-06T13:49:38","slug":"issizlik-odeneginin-verilme-suresi-ve-zamani","status":"publish","type":"post","link":"http:\/\/www.muhasebedersleri.com\/haber\/issizlik-odeneginin-verilme-suresi-ve-zamani\/","title":{"rendered":"\u0130\u015fsizlik \u00d6dene\u011finin Verilme S\u00fcresi ve Zaman\u0131"},"content":{"rendered":"<p><b>\u0130\u015fsizlik \u00f6dene\u011finin verilme s\u00fcresi ve zaman\u0131:\u00a0<\/b>Hizmet akdinin sona ermesinden \u00f6nceki son 120 g\u00fcn prim \u00f6deyerek s\u00fcrekli \u00e7al\u0131\u015fm\u0131\u015f olanlardan, son \u00fc\u00e7 y\u0131l i\u00e7inde;<\/p>\n<p>a) 600 g\u00fcn sigortal\u0131 olarak \u00e7al\u0131\u015f\u0131p i\u015fsizlik sigortas\u0131 primi \u00f6demi\u015f olan sigortal\u0131 i\u015fsizlere 180 g\u00fcn,<br \/>\nb) 900 g\u00fcn sigortal\u0131 olarak \u00e7al\u0131\u015f\u0131p i\u015fsizlik sigortas\u0131 primi \u00f6demi\u015f olan sigortal\u0131 i\u015fsizlere 240 g\u00fcn,<br \/>\nc) 1080 g\u00fcn sigortal\u0131 olarak \u00e7al\u0131\u015f\u0131p i\u015fsizlik sigortas\u0131 primi \u00f6demi\u015f olan sigortal\u0131 i\u015fsizlere 300 g\u00fcn,\u00a0S\u00fcre ile i\u015fsizlik \u00f6dene\u011fi verilir.<\/p>\n<p>\u0130\u015fsizlik \u00f6dene\u011fi her ay\u0131n sonunda ayl\u0131k olarak i\u015fsizin kendisine \u00f6denir.<\/p>\n<p>\u0130lk i\u015fsizlik \u00f6dene\u011fi \u00f6demesi ise \u00f6dene\u011fe hak kazan\u0131lan tarihi izleyen ay\u0131n sonuna kadar yap\u0131l\u0131r.<\/p>\n<p>\u0130\u015fsizlik \u00f6dene\u011fi damga vergisi hari\u00e7 herhangi bir vergi ve kesintiye tabi tutulmaz. \u0130\u015fsizlik \u00f6dene\u011fi, nafaka bor\u00e7lar\u0131 d\u0131\u015f\u0131nda haciz veya ba\u015fkas\u0131na devir ve temlik edilemez. Sigortal\u0131n\u0131n kusurundan kaynakland\u0131\u011f\u0131 belirlenen fazla \u00f6demeler yasal faizi ile birlikte geri al\u0131n\u0131r. \u00d6len sigortal\u0131 i\u015fsizlere ait fazla \u00f6demeler geri tahsil edilmez.<\/p>\n<p>Sigortal\u0131, i\u015fsizlik \u00f6dene\u011finden yararlanma s\u00fcresini doldurmadan tekrar i\u015fe girer ve i\u015fsizlik sigortas\u0131 \u00f6dene\u011finden yararlanmak i\u00e7in bu Kanunun \u00f6ng\u00f6rd\u00fc\u011f\u00fc \u015fartlar\u0131 yerine getiremeden yeniden i\u015fsiz kal\u0131rsa, daha \u00f6nce haketti\u011fi i\u015fsizlik \u00f6dene\u011fi s\u00fcresini dolduruncaya kadar bu haktan yararlanmaya devam eder. Bu Kanunun \u00f6ng\u00f6rd\u00fc\u011f\u00fc \u015fartlar\u0131 yerine getirmek suretiyle yeniden i\u015fsiz kal\u0131nmas\u0131 halinde ise sadece bu yeni hak sahipli\u011finden do\u011fan s\u00fcre kadar i\u015fsizlik \u00f6dene\u011fi \u00f6denir.<\/p>\n<p>\u0130\u015fsizlik \u00f6dene\u011fi alanlar\u0131n; i\u015fe al\u0131nd\u0131\u011f\u0131 tarihten \u00f6nceki aydan ba\u015flayarak i\u015fe alan i\u015fyerine ait son alt\u0131 ayl\u0131k d\u00f6nemde, prim ve hizmet belgelerinde bildirilen ortalama sigortal\u0131 say\u0131s\u0131na ilave olarak i\u015fe al\u0131nmas\u0131 kayd\u0131yla, 5510 say\u0131l\u0131 Kanunun 81 inci maddesinde say\u0131lan ve 82 nci maddesi uyar\u0131nca belirlenen prime esas kazan\u00e7 alt s\u0131n\u0131r\u0131 \u00fczerinden hesaplanan k\u0131sa vadeli sigorta primi tutar\u0131n\u0131n y\u00fczde biri olmak \u00fczere i\u015f\u00e7i ve i\u015fveren pay\u0131 sigorta primleri ile genel sa\u011fl\u0131k sigortas\u0131 primi, kalan i\u015fsizlik \u00f6dene\u011fi s\u00fcresince Fondan kar\u015f\u0131lan\u0131r. Bu s\u00fcre ba\u015flang\u0131\u00e7ta belirlenen toplam hak sahipli\u011fi s\u00fcresinden d\u00fc\u015f\u00fcl\u00fcr. S\u00f6z konusu primlerin \u0130\u015fsizlik Sigortas\u0131 Fonundan kar\u015f\u0131lanabilmesi i\u00e7in i\u015fverenlerin \u00e7al\u0131\u015ft\u0131rd\u0131klar\u0131 sigortal\u0131larla ilgili olarak 5510 say\u0131l\u0131 Kanun uyar\u0131nca ayl\u0131k prim ve hizmet belgelerini yasal s\u00fcresi i\u00e7erisinde Sosyal G\u00fcvenlik Kurumuna vermesi, varsa prime esas alt kazan\u00e7 s\u0131n\u0131r\u0131 ile prime esas kazan\u00e7 aras\u0131ndaki fark ve k\u0131sa vadeli sigorta kollar\u0131na ili\u015fkin prim tutar\u0131 fark\u0131 ile i\u015fsizlik sigortas\u0131 primlerini Sosyal G\u00fcvenlik Kurumuna \u00f6demi\u015f olmas\u0131 \u015fartt\u0131r.<\/p>\n","protected":false},"excerpt":{"rendered":"<p>\u0130\u015fsizlik \u00f6dene\u011finin verilme s\u00fcresi ve zaman\u0131:\u00a0Hizmet akdinin sona ermesinden \u00f6nceki son 120 g\u00fcn prim \u00f6deyerek s\u00fcrekli \u00e7al\u0131\u015fm\u0131\u015f olanlardan, son \u00fc\u00e7 y\u0131l i\u00e7inde; a) 600 g\u00fcn sigortal\u0131 olarak \u00e7al\u0131\u015f\u0131p i\u015fsizlik sigortas\u0131 primi \u00f6demi\u015f olan sigortal\u0131 i\u015fsizlere 180 g\u00fcn, b) 900 g\u00fcn sigortal\u0131 olarak \u00e7al\u0131\u015f\u0131p i\u015fsizlik sigortas\u0131 primi \u00f6demi\u015f olan sigortal\u0131 i\u015fsizlere 240 g\u00fcn, c) 1080 g\u00fcn &hellip;<\/p>\n","protected":false},"author":1,"featured_media":0,"comment_status":"open","ping_status":"open","sticky":false,"template":"","format":"standard","meta":{"footnotes":""},"categories":[44],"tags":[521,149,78,263,387,279,111],"class_list":["post-1115","post","type-post","status-publish","format-standard","","category-sgk-2","tag-issizlik","tag-nasil","tag-ne-zaman","tag-odenek","tag-prim","tag-sure","tag-zaman"],"yoast_head":"<!-- This site is optimized with the Yoast SEO plugin v24.5 - https:\/\/yoast.com\/wordpress\/plugins\/seo\/ -->\n<title>\u0130\u015fsizlik \u00d6dene\u011finin Verilme S\u00fcresi ve Zaman\u0131<\/title>\n<meta name=\"robots\" content=\"index, follow, max-snippet:-1, max-image-preview:large, max-video-preview:-1\" \/>\n<link rel=\"canonical\" href=\"http:\/\/www.muhasebedersleri.com\/haber\/issizlik-odeneginin-verilme-suresi-ve-zamani\/\" \/>\n<meta property=\"og:locale\" content=\"tr_TR\" \/>\n<meta property=\"og:type\" content=\"article\" \/>\n<meta property=\"og:title\" content=\"\u0130\u015fsizlik \u00d6dene\u011finin Verilme S\u00fcresi ve Zaman\u0131\" \/>\n<meta property=\"og:description\" content=\"\u0130\u015fsizlik \u00f6dene\u011finin verilme s\u00fcresi ve zaman\u0131:\u00a0Hizmet akdinin sona ermesinden \u00f6nceki son 120 g\u00fcn prim \u00f6deyerek s\u00fcrekli \u00e7al\u0131\u015fm\u0131\u015f olanlardan, son \u00fc\u00e7 y\u0131l i\u00e7inde; a) 600 g\u00fcn sigortal\u0131 olarak \u00e7al\u0131\u015f\u0131p i\u015fsizlik sigortas\u0131 primi \u00f6demi\u015f olan sigortal\u0131 i\u015fsizlere 180 g\u00fcn, b) 900 g\u00fcn sigortal\u0131 olarak \u00e7al\u0131\u015f\u0131p i\u015fsizlik sigortas\u0131 primi \u00f6demi\u015f olan sigortal\u0131 i\u015fsizlere 240 g\u00fcn, c) 1080 g\u00fcn &hellip;\" \/>\n<meta property=\"og:url\" content=\"http:\/\/www.muhasebedersleri.com\/haber\/issizlik-odeneginin-verilme-suresi-ve-zamani\/\" \/>\n<meta property=\"og:site_name\" content=\"Haberler\" \/>\n<meta property=\"article:published_time\" content=\"2013-10-06T13:49:38+00:00\" \/>\n<meta name=\"author\" content=\"hkn\" \/>\n<meta name=\"twitter:card\" content=\"summary_large_image\" \/>\n<meta name=\"twitter:label1\" content=\"Yazan:\" \/>\n\t<meta name=\"twitter:data1\" content=\"hkn\" \/>\n\t<meta name=\"twitter:label2\" content=\"Tahmini okuma s\u00fcresi\" \/>\n\t<meta name=\"twitter:data2\" content=\"2 dakika\" \/>\n<script type=\"application\/ld+json\" class=\"yoast-schema-graph\">{\"@context\":\"https:\/\/schema.org\",\"@graph\":[{\"@type\":\"WebPage\",\"@id\":\"http:\/\/www.muhasebedersleri.com\/haber\/issizlik-odeneginin-verilme-suresi-ve-zamani\/\",\"url\":\"http:\/\/www.muhasebedersleri.com\/haber\/issizlik-odeneginin-verilme-suresi-ve-zamani\/\",\"name\":\"\u0130\u015fsizlik \u00d6dene\u011finin Verilme S\u00fcresi ve Zaman\u0131\",\"isPartOf\":{\"@id\":\"http:\/\/www.muhasebedersleri.com\/haber\/#website\"},\"datePublished\":\"2013-10-06T13:49:38+00:00\",\"author\":{\"@id\":\"http:\/\/www.muhasebedersleri.com\/haber\/#\/schema\/person\/6a28a468bdcf8a45f6a1f6fbb4f18137\"},\"breadcrumb\":{\"@id\":\"http:\/\/www.muhasebedersleri.com\/haber\/issizlik-odeneginin-verilme-suresi-ve-zamani\/#breadcrumb\"},\"inLanguage\":\"tr\",\"potentialAction\":[{\"@type\":\"ReadAction\",\"target\":[\"http:\/\/www.muhasebedersleri.com\/haber\/issizlik-odeneginin-verilme-suresi-ve-zamani\/\"]}]},{\"@type\":\"BreadcrumbList\",\"@id\":\"http:\/\/www.muhasebedersleri.com\/haber\/issizlik-odeneginin-verilme-suresi-ve-zamani\/#breadcrumb\",\"itemListElement\":[{\"@type\":\"ListItem\",\"position\":1,\"name\":\"Ana sayfa\",\"item\":\"http:\/\/www.muhasebedersleri.com\/haber\/\"},{\"@type\":\"ListItem\",\"position\":2,\"name\":\"\u0130\u015fsizlik \u00d6dene\u011finin Verilme S\u00fcresi ve Zaman\u0131\"}]},{\"@type\":\"WebSite\",\"@id\":\"http:\/\/www.muhasebedersleri.com\/haber\/#website\",\"url\":\"http:\/\/www.muhasebedersleri.com\/haber\/\",\"name\":\"Haberler\",\"description\":\"Muhasebe haber\",\"potentialAction\":[{\"@type\":\"SearchAction\",\"target\":{\"@type\":\"EntryPoint\",\"urlTemplate\":\"http:\/\/www.muhasebedersleri.com\/haber\/?s={search_term_string}\"},\"query-input\":{\"@type\":\"PropertyValueSpecification\",\"valueRequired\":true,\"valueName\":\"search_term_string\"}}],\"inLanguage\":\"tr\"},{\"@type\":\"Person\",\"@id\":\"http:\/\/www.muhasebedersleri.com\/haber\/#\/schema\/person\/6a28a468bdcf8a45f6a1f6fbb4f18137\",\"name\":\"hkn\",\"image\":{\"@type\":\"ImageObject\",\"inLanguage\":\"tr\",\"@id\":\"http:\/\/www.muhasebedersleri.com\/haber\/#\/schema\/person\/image\/\",\"url\":\"https:\/\/secure.gravatar.com\/avatar\/942b45aca9690df47674327d843d43de?s=96&d=mm&r=g\",\"contentUrl\":\"https:\/\/secure.gravatar.com\/avatar\/942b45aca9690df47674327d843d43de?s=96&d=mm&r=g\",\"caption\":\"hkn\"},\"url\":\"http:\/\/www.muhasebedersleri.com\/haber\/author\/hkn\/\"}]}<\/script>\n<!-- \/ Yoast SEO plugin. -->","yoast_head_json":{"title":"\u0130\u015fsizlik \u00d6dene\u011finin Verilme S\u00fcresi ve Zaman\u0131","robots":{"index":"index","follow":"follow","max-snippet":"max-snippet:-1","max-image-preview":"max-image-preview:large","max-video-preview":"max-video-preview:-1"},"canonical":"http:\/\/www.muhasebedersleri.com\/haber\/issizlik-odeneginin-verilme-suresi-ve-zamani\/","og_locale":"tr_TR","og_type":"article","og_title":"\u0130\u015fsizlik \u00d6dene\u011finin Verilme S\u00fcresi ve Zaman\u0131","og_description":"\u0130\u015fsizlik \u00f6dene\u011finin verilme s\u00fcresi ve zaman\u0131:\u00a0Hizmet akdinin sona ermesinden \u00f6nceki son 120 g\u00fcn prim \u00f6deyerek s\u00fcrekli \u00e7al\u0131\u015fm\u0131\u015f olanlardan, son \u00fc\u00e7 y\u0131l i\u00e7inde; a) 600 g\u00fcn sigortal\u0131 olarak \u00e7al\u0131\u015f\u0131p i\u015fsizlik sigortas\u0131 primi \u00f6demi\u015f olan sigortal\u0131 i\u015fsizlere 180 g\u00fcn, b) 900 g\u00fcn sigortal\u0131 olarak \u00e7al\u0131\u015f\u0131p i\u015fsizlik sigortas\u0131 primi \u00f6demi\u015f olan sigortal\u0131 i\u015fsizlere 240 g\u00fcn, c) 1080 g\u00fcn &hellip;","og_url":"http:\/\/www.muhasebedersleri.com\/haber\/issizlik-odeneginin-verilme-suresi-ve-zamani\/","og_site_name":"Haberler","article_published_time":"2013-10-06T13:49:38+00:00","author":"hkn","twitter_card":"summary_large_image","twitter_misc":{"Yazan:":"hkn","Tahmini okuma s\u00fcresi":"2 dakika"},"schema":{"@context":"https:\/\/schema.org","@graph":[{"@type":"WebPage","@id":"http:\/\/www.muhasebedersleri.com\/haber\/issizlik-odeneginin-verilme-suresi-ve-zamani\/","url":"http:\/\/www.muhasebedersleri.com\/haber\/issizlik-odeneginin-verilme-suresi-ve-zamani\/","name":"\u0130\u015fsizlik \u00d6dene\u011finin Verilme S\u00fcresi ve Zaman\u0131","isPartOf":{"@id":"http:\/\/www.muhasebedersleri.com\/haber\/#website"},"datePublished":"2013-10-06T13:49:38+00:00","author":{"@id":"http:\/\/www.muhasebedersleri.com\/haber\/#\/schema\/person\/6a28a468bdcf8a45f6a1f6fbb4f18137"},"breadcrumb":{"@id":"http:\/\/www.muhasebedersleri.com\/haber\/issizlik-odeneginin-verilme-suresi-ve-zamani\/#breadcrumb"},"inLanguage":"tr","potentialAction":[{"@type":"ReadAction","target":["http:\/\/www.muhasebedersleri.com\/haber\/issizlik-odeneginin-verilme-suresi-ve-zamani\/"]}]},{"@type":"BreadcrumbList","@id":"http:\/\/www.muhasebedersleri.com\/haber\/issizlik-odeneginin-verilme-suresi-ve-zamani\/#breadcrumb","itemListElement":[{"@type":"ListItem","position":1,"name":"Ana sayfa","item":"http:\/\/www.muhasebedersleri.com\/haber\/"},{"@type":"ListItem","position":2,"name":"\u0130\u015fsizlik \u00d6dene\u011finin Verilme S\u00fcresi ve Zaman\u0131"}]},{"@type":"WebSite","@id":"http:\/\/www.muhasebedersleri.com\/haber\/#website","url":"http:\/\/www.muhasebedersleri.com\/haber\/","name":"Haberler","description":"Muhasebe haber","potentialAction":[{"@type":"SearchAction","target":{"@type":"EntryPoint","urlTemplate":"http:\/\/www.muhasebedersleri.com\/haber\/?s={search_term_string}"},"query-input":{"@type":"PropertyValueSpecification","valueRequired":true,"valueName":"search_term_string"}}],"inLanguage":"tr"},{"@type":"Person","@id":"http:\/\/www.muhasebedersleri.com\/haber\/#\/schema\/person\/6a28a468bdcf8a45f6a1f6fbb4f18137","name":"hkn","image":{"@type":"ImageObject","inLanguage":"tr","@id":"http:\/\/www.muhasebedersleri.com\/haber\/#\/schema\/person\/image\/","url":"https:\/\/secure.gravatar.com\/avatar\/942b45aca9690df47674327d843d43de?s=96&d=mm&r=g","contentUrl":"https:\/\/secure.gravatar.com\/avatar\/942b45aca9690df47674327d843d43de?s=96&d=mm&r=g","caption":"hkn"},"url":"http:\/\/www.muhasebedersleri.com\/haber\/author\/hkn\/"}]}},"views":5089,"_links":{"self":[{"href":"http:\/\/www.muhasebedersleri.com\/haber\/wp-json\/wp\/v2\/posts\/1115","targetHints":{"allow":["GET"]}}],"collection":[{"href":"http:\/\/www.muhasebedersleri.com\/haber\/wp-json\/wp\/v2\/posts"}],"about":[{"href":"http:\/\/www.muhasebedersleri.com\/haber\/wp-json\/wp\/v2\/types\/post"}],"author":[{"embeddable":true,"href":"http:\/\/www.muhasebedersleri.com\/haber\/wp-json\/wp\/v2\/users\/1"}],"replies":[{"embeddable":true,"href":"http:\/\/www.muhasebedersleri.com\/haber\/wp-json\/wp\/v2\/comments?post=1115"}],"version-history":[{"count":1,"href":"http:\/\/www.muhasebedersleri.com\/haber\/wp-json\/wp\/v2\/posts\/1115\/revisions"}],"predecessor-version":[{"id":1116,"href":"http:\/\/www.muhasebedersleri.com\/haber\/wp-json\/wp\/v2\/posts\/1115\/revisions\/1116"}],"wp:attachment":[{"href":"http:\/\/www.muhasebedersleri.com\/haber\/wp-json\/wp\/v2\/media?parent=1115"}],"wp:term":[{"taxonomy":"category","embeddable":true,"href":"http:\/\/www.muhasebedersleri.com\/haber\/wp-json\/wp\/v2\/categories?post=1115"},{"taxonomy":"post_tag","embeddable":true,"href":"http:\/\/www.muhasebedersleri.com\/haber\/wp-json\/wp\/v2\/tags?post=1115"}],"curies":[{"name":"wp","href":"https:\/\/api.w.org\/{rel}","templated":true}]}}