{"id":1632,"date":"2015-04-07T16:41:51","date_gmt":"2015-04-07T13:41:51","guid":{"rendered":"http:\/\/www.muhasebedersleri.com\/blog\/?p=1632"},"modified":"2015-04-07T19:00:50","modified_gmt":"2015-04-07T16:00:50","slug":"dogum-yardimi-ve-devlet-katkisi","status":"publish","type":"post","link":"http:\/\/www.muhasebedersleri.com\/blog\/dogum-yardimi-ve-devlet-katkisi\/","title":{"rendered":"Do\u011fum Yard\u0131m\u0131 ve Devlet Katk\u0131s\u0131"},"content":{"rendered":"<p>07 Nisan 2015,\u00a029319 say\u0131l\u0131 resmi gazete ile\u00a0Kanun H\u00fckm\u00fcnde Kararnameye, \u00a0madde 16&#8217;ya ek madde 4\u00a0ile <strong>&#8220;Do\u011fum Yard\u0131m\u0131&#8221;<\/strong> maddesi eklenmi\u015ftir.<\/p>\n<p><strong>Buna g\u00f6re;<\/strong>\u00a0 T\u00fcrk vatanda\u015flar\u0131na, canl\u0131 do\u011fan birinci \u00e7ocu\u011fu i\u00e7in 300 TL, ikinci \u00e7ocu\u011fu i\u00e7in 400 TL, \u00fc\u00e7\u00fcnc\u00fc ve sonraki \u00e7ocuklar\u0131 i\u00e7in 600 TL do\u011fum yard\u0131m\u0131 yap\u0131lacak.<\/p>\n<p>Resmi gazetedeki ek madde a\u015fa\u011f\u0131daki gibidir.<\/p>\n<p><strong>MADDE 16 \u2013 <\/strong>633 say\u0131l\u0131 Kanun H\u00fckm\u00fcnde Kararnameye a\u015fa\u011f\u0131daki ek madde eklenmi\u015ftir.<\/p>\n<p><strong>\u201cDo\u011fum yard\u0131m\u0131<\/strong><\/p>\n<p>EK MADDE 4 \u2013 (1) <strong>T\u00fcrk vatanda\u015flar\u0131na, canl\u0131 do\u011fan birinci \u00e7ocu\u011fu i\u00e7in 300 TL, ikinci \u00e7ocu\u011fu i\u00e7in 400 TL, \u00fc\u00e7\u00fcnc\u00fc ve sonraki \u00e7ocuklar\u0131 i\u00e7in 600 TL do\u011fum yard\u0131m\u0131 yap\u0131l\u0131r.<\/strong> Bu yard\u0131m T\u00fcrk vatanda\u015f\u0131 olan anne veya babaya, her ikisi de T\u00fcrk vatanda\u015f\u0131 ise anneye yap\u0131l\u0131r. Do\u011fum yard\u0131m\u0131, Bakanl\u0131k\u00e7a belirlenen zorunlu h\u00e2llerde babaya \u00f6denebilir. Do\u011fum yard\u0131m\u0131 \u00f6denmesinde Kimlik Payla\u015f\u0131m\u0131 Sisteminde yer alan n\u00fcfus kay\u0131tlar\u0131 esas al\u0131n\u0131r. Bu kapsamda yap\u0131lan \u00f6demeler, Bakanl\u0131k b\u00fct\u00e7esine bu ama\u00e7la konulan \u00f6denekten kar\u015f\u0131lan\u0131r. Bu f\u0131krada belirtilen tutarlar\u0131 art\u0131rmaya Bakanl\u0131k ile Maliye Bakanl\u0131\u011f\u0131 m\u00fc\u015ftereken yetkilidir.<\/p>\n<p>(2) Kamu kurum ve kurulu\u015flar\u0131nda istihdam edilen i\u015f\u00e7ilerden, kapsam\u0131nda bulunduklar\u0131 bireysel i\u015f s\u00f6zle\u015fmesi veya toplu i\u015f s\u00f6zle\u015fmesi h\u00fck\u00fcmlerine g\u00f6re i\u015f\u00e7inin kendisi veya e\u015finin do\u011fum yapmas\u0131 nedeniyle i\u015f\u00e7iye bir \u00f6deme yap\u0131lmas\u0131 kararla\u015ft\u0131r\u0131lm\u0131\u015f olanlara, kararla\u015ft\u0131r\u0131lan tutar\u0131n bu madde uyar\u0131nca yap\u0131lacak \u00f6deme tutar\u0131ndan daha az olmas\u0131 h\u00e2linde sadece aradaki fark \u00f6denir. Kararla\u015ft\u0131r\u0131lan tutar\u0131n bu maddeye g\u00f6re yap\u0131lacak \u00f6deme tutar\u0131ndan daha fazla olmas\u0131 h\u00e2linde ise bu maddeye g\u00f6re \u00f6deme yap\u0131lmaz.<\/p>\n<p>(3) Kamu kurum ve kurulu\u015flar\u0131nda istihdam edilen personele, do\u011fum yard\u0131m\u0131 \u00f6dene\u011fi veya ba\u015fka bir ad alt\u0131nda ayn\u0131 ama\u00e7la ilgili mevzuatta \u00f6ng\u00f6r\u00fclen \u00f6demeler yap\u0131lmaz.<\/p>\n<p>(4) 5901 say\u0131l\u0131 Kanunun 28 inci maddesi kapsam\u0131na girenler bu madde h\u00fck\u00fcmlerinden aynen yararland\u0131r\u0131l\u0131r.<\/p>\n<p>(5) <strong>Do\u011fum yard\u0131m\u0131, hi\u00e7bir vergi ve kesintiye tabi tutulmaks\u0131z\u0131n \u00f6denir ve haczedilemez.<\/strong> Do\u011fum yard\u0131m\u0131ndan yararlananlar\u0131n ger\u00e7ek d\u0131\u015f\u0131 beyanda bulunmalar\u0131 nedeniyle yersiz \u00f6demeye sebebiyet verilmesi h\u00e2linde, bu \u00f6demelerin, bir ay i\u00e7inde \u00f6demenin yap\u0131ld\u0131\u011f\u0131 tarihten tahsil edildi\u011fi tarihe kadar ge\u00e7en s\u00fcreye 6183 say\u0131l\u0131 Kanunun 51 inci maddesinde belirtilen gecikme zamm\u0131 oran\u0131nda hesaplanacak faiz ile birlikte iade edilmesi, haks\u0131z yararlanana \u00f6deme yapan kurum taraf\u0131ndan bir yaz\u0131 ile bildirilir. Bu s\u00fcre i\u00e7inde \u00f6deme yap\u0131lmamas\u0131 h\u00e2linde bu alacaklar\u0131n ilgili vergi dairesine bildirilmesi \u00fczerine an\u0131lan Kanun h\u00fck\u00fcmlerine g\u00f6re takip ve tahsil edilir.<\/p>\n<p>(6) Do\u011fum yard\u0131m\u0131n\u0131n \u00f6denme esaslar\u0131 ile bu maddenin uygulanmas\u0131na ili\u015fkin di\u011fer usul ve esaslar, alt\u0131 ay i\u00e7inde \u0130\u00e7i\u015fleri Bakanl\u0131\u011f\u0131, Maliye Bakanl\u0131\u011f\u0131, Sa\u011fl\u0131k Bakanl\u0131\u011f\u0131, D\u0131\u015fi\u015fleri Bakanl\u0131\u011f\u0131 ve Hazine M\u00fcste\u015farl\u0131\u011f\u0131 g\u00f6r\u00fc\u015fleri al\u0131narak Aile ve Sosyal Politikalar Bakanl\u0131\u011f\u0131n\u0131n teklifi \u00fczerine Bakanlar Kurulunca belirlenir.\u201d<\/p>\n","protected":false},"excerpt":{"rendered":"<p>07 Nisan 2015, 29319 say\u0131l\u0131 resmi gazete ile Kanun H\u00fckm\u00fcnde Kararnameye,  madde 16&#8217;ya ek madde 4 ile &#8220;Do\u011fum Yard\u0131m\u0131&#8221; maddesi eklenmi\u015ftir.<\/p>\n<p>Buna g\u00f6re;  T\u00fcrk vatanda\u015flar\u0131na, canl\u0131 do\u011fan birinci \u00e7ocu\u011fu i\u00e7in 300 TL, ikinci \u00e7ocu\u011fu i\u00e7in 400 TL, \u00fc\u00e7\u00fcnc\u00fc ve sonraki \u00e7ocuklar\u0131 i\u00e7in 600 TL do\u011fum yard\u0131m\u0131 yap\u0131lacak.<br \/>\nResmi gazetedeki ek madde a\u015fa\u011f\u0131daki gibidir.<\/p>\n<p>MADDE 16 \u2013 633 say\u0131l\u0131 Kanun H\u00fckm\u00fcnde Kararnameye a\u015fa\u011f\u0131daki ek madde eklenmi\u015ftir.<\/p>\n","protected":false},"author":1,"featured_media":0,"comment_status":"open","ping_status":"open","sticky":false,"template":"","format":"standard","meta":{"footnotes":""},"categories":[30],"tags":[363,364,365,366,354,362,88,286,106,353],"class_list":["post-1632","post","type-post","status-publish","format-standard","","category-genel","tag-363","tag-364","tag-365","tag-cocuk","tag-devlet","tag-dogum","tag-nasil","tag-ne-kadar","tag-resmi-gazete","tag-yardimi"],"yoast_head":"<!-- This site is optimized with the Yoast SEO plugin v19.5.1 - https:\/\/yoast.com\/wordpress\/plugins\/seo\/ -->\n<title>Do\u011fum Yard\u0131m\u0131 ve Devlet Katk\u0131s\u0131<\/title>\n<meta name=\"robots\" content=\"index, follow, max-snippet:-1, max-image-preview:large, max-video-preview:-1\" \/>\n<link rel=\"canonical\" href=\"http:\/\/www.muhasebedersleri.com\/blog\/dogum-yardimi-ve-devlet-katkisi\/\" \/>\n<meta property=\"og:locale\" content=\"tr_TR\" \/>\n<meta property=\"og:type\" content=\"article\" \/>\n<meta property=\"og:title\" content=\"Do\u011fum Yard\u0131m\u0131 ve Devlet Katk\u0131s\u0131\" \/>\n<meta property=\"og:description\" content=\"07 Nisan 2015, 29319 say\u0131l\u0131 resmi gazete ile Kanun H\u00fckm\u00fcnde Kararnameye, madde 16&#039;ya ek madde 4 ile &quot;Do\u011fum Yard\u0131m\u0131&quot; maddesi eklenmi\u015ftir.  Buna g\u00f6re; T\u00fcrk vatanda\u015flar\u0131na, canl\u0131 do\u011fan birinci \u00e7ocu\u011fu i\u00e7in 300 TL, ikinci \u00e7ocu\u011fu i\u00e7in 400 TL, \u00fc\u00e7\u00fcnc\u00fc ve sonraki \u00e7ocuklar\u0131 i\u00e7in 600 TL do\u011fum yard\u0131m\u0131 yap\u0131lacak. Resmi gazetedeki ek madde a\u015fa\u011f\u0131daki gibidir.  MADDE 16 \u2013 633 say\u0131l\u0131 Kanun H\u00fckm\u00fcnde Kararnameye a\u015fa\u011f\u0131daki ek madde eklenmi\u015ftir.\" \/>\n<meta property=\"og:url\" content=\"http:\/\/www.muhasebedersleri.com\/blog\/dogum-yardimi-ve-devlet-katkisi\/\" \/>\n<meta property=\"og:site_name\" content=\"Muhasebe Blog\" \/>\n<meta property=\"article:published_time\" content=\"2015-04-07T13:41:51+00:00\" \/>\n<meta property=\"article:modified_time\" content=\"2015-04-07T16:00:50+00:00\" \/>\n<meta name=\"author\" content=\"Ahmet\" \/>\n<meta name=\"twitter:card\" content=\"summary_large_image\" \/>\n<meta name=\"twitter:label1\" content=\"Yazan:\" \/>\n\t<meta name=\"twitter:data1\" content=\"Ahmet\" \/>\n\t<meta name=\"twitter:label2\" content=\"Tahmini okuma s\u00fcresi\" \/>\n\t<meta name=\"twitter:data2\" content=\"3 dakika\" \/>\n<script type=\"application\/ld+json\" class=\"yoast-schema-graph\">{\"@context\":\"https:\/\/schema.org\",\"@graph\":[{\"@type\":\"WebPage\",\"@id\":\"http:\/\/www.muhasebedersleri.com\/blog\/dogum-yardimi-ve-devlet-katkisi\/\",\"url\":\"http:\/\/www.muhasebedersleri.com\/blog\/dogum-yardimi-ve-devlet-katkisi\/\",\"name\":\"Do\u011fum Yard\u0131m\u0131 ve Devlet Katk\u0131s\u0131\",\"isPartOf\":{\"@id\":\"https:\/\/www.muhasebedersleri.com\/blog\/#website\"},\"datePublished\":\"2015-04-07T13:41:51+00:00\",\"dateModified\":\"2015-04-07T16:00:50+00:00\",\"author\":{\"@id\":\"https:\/\/www.muhasebedersleri.com\/blog\/#\/schema\/person\/30e5803c17e4ed23e09c6224c564f10d\"},\"breadcrumb\":{\"@id\":\"http:\/\/www.muhasebedersleri.com\/blog\/dogum-yardimi-ve-devlet-katkisi\/#breadcrumb\"},\"inLanguage\":\"tr\",\"potentialAction\":[{\"@type\":\"ReadAction\",\"target\":[\"http:\/\/www.muhasebedersleri.com\/blog\/dogum-yardimi-ve-devlet-katkisi\/\"]}]},{\"@type\":\"BreadcrumbList\",\"@id\":\"http:\/\/www.muhasebedersleri.com\/blog\/dogum-yardimi-ve-devlet-katkisi\/#breadcrumb\",\"itemListElement\":[{\"@type\":\"ListItem\",\"position\":1,\"name\":\"Ana sayfa\",\"item\":\"https:\/\/www.muhasebedersleri.com\/blog\/\"},{\"@type\":\"ListItem\",\"position\":2,\"name\":\"Do\u011fum Yard\u0131m\u0131 ve Devlet Katk\u0131s\u0131\"}]},{\"@type\":\"WebSite\",\"@id\":\"https:\/\/www.muhasebedersleri.com\/blog\/#website\",\"url\":\"https:\/\/www.muhasebedersleri.com\/blog\/\",\"name\":\"Muhasebe Blog\",\"description\":\"Muhasebe hakk\u0131nda her\u015fey\",\"potentialAction\":[{\"@type\":\"SearchAction\",\"target\":{\"@type\":\"EntryPoint\",\"urlTemplate\":\"https:\/\/www.muhasebedersleri.com\/blog\/?s={search_term_string}\"},\"query-input\":\"required name=search_term_string\"}],\"inLanguage\":\"tr\"},{\"@type\":\"Person\",\"@id\":\"https:\/\/www.muhasebedersleri.com\/blog\/#\/schema\/person\/30e5803c17e4ed23e09c6224c564f10d\",\"name\":\"Ahmet\",\"image\":{\"@type\":\"ImageObject\",\"inLanguage\":\"tr\",\"@id\":\"https:\/\/www.muhasebedersleri.com\/blog\/#\/schema\/person\/image\/\",\"url\":\"https:\/\/secure.gravatar.com\/avatar\/942b45aca9690df47674327d843d43de?s=96&d=mm&r=g\",\"contentUrl\":\"https:\/\/secure.gravatar.com\/avatar\/942b45aca9690df47674327d843d43de?s=96&d=mm&r=g\",\"caption\":\"Ahmet\"},\"url\":\"http:\/\/www.muhasebedersleri.com\/blog\/author\/hakan\/\"}]}<\/script>\n<!-- \/ Yoast SEO plugin. -->","yoast_head_json":{"title":"Do\u011fum Yard\u0131m\u0131 ve Devlet Katk\u0131s\u0131","robots":{"index":"index","follow":"follow","max-snippet":"max-snippet:-1","max-image-preview":"max-image-preview:large","max-video-preview":"max-video-preview:-1"},"canonical":"http:\/\/www.muhasebedersleri.com\/blog\/dogum-yardimi-ve-devlet-katkisi\/","og_locale":"tr_TR","og_type":"article","og_title":"Do\u011fum Yard\u0131m\u0131 ve Devlet Katk\u0131s\u0131","og_description":"07 Nisan 2015, 29319 say\u0131l\u0131 resmi gazete ile Kanun H\u00fckm\u00fcnde Kararnameye, madde 16'ya ek madde 4 ile \"Do\u011fum Yard\u0131m\u0131\" maddesi eklenmi\u015ftir.  Buna g\u00f6re; T\u00fcrk vatanda\u015flar\u0131na, canl\u0131 do\u011fan birinci \u00e7ocu\u011fu i\u00e7in 300 TL, ikinci \u00e7ocu\u011fu i\u00e7in 400 TL, \u00fc\u00e7\u00fcnc\u00fc ve sonraki \u00e7ocuklar\u0131 i\u00e7in 600 TL do\u011fum yard\u0131m\u0131 yap\u0131lacak. Resmi gazetedeki ek madde a\u015fa\u011f\u0131daki gibidir.  MADDE 16 \u2013 633 say\u0131l\u0131 Kanun H\u00fckm\u00fcnde Kararnameye a\u015fa\u011f\u0131daki ek madde eklenmi\u015ftir.","og_url":"http:\/\/www.muhasebedersleri.com\/blog\/dogum-yardimi-ve-devlet-katkisi\/","og_site_name":"Muhasebe Blog","article_published_time":"2015-04-07T13:41:51+00:00","article_modified_time":"2015-04-07T16:00:50+00:00","author":"Ahmet","twitter_card":"summary_large_image","twitter_misc":{"Yazan:":"Ahmet","Tahmini okuma s\u00fcresi":"3 dakika"},"schema":{"@context":"https:\/\/schema.org","@graph":[{"@type":"WebPage","@id":"http:\/\/www.muhasebedersleri.com\/blog\/dogum-yardimi-ve-devlet-katkisi\/","url":"http:\/\/www.muhasebedersleri.com\/blog\/dogum-yardimi-ve-devlet-katkisi\/","name":"Do\u011fum Yard\u0131m\u0131 ve Devlet Katk\u0131s\u0131","isPartOf":{"@id":"https:\/\/www.muhasebedersleri.com\/blog\/#website"},"datePublished":"2015-04-07T13:41:51+00:00","dateModified":"2015-04-07T16:00:50+00:00","author":{"@id":"https:\/\/www.muhasebedersleri.com\/blog\/#\/schema\/person\/30e5803c17e4ed23e09c6224c564f10d"},"breadcrumb":{"@id":"http:\/\/www.muhasebedersleri.com\/blog\/dogum-yardimi-ve-devlet-katkisi\/#breadcrumb"},"inLanguage":"tr","potentialAction":[{"@type":"ReadAction","target":["http:\/\/www.muhasebedersleri.com\/blog\/dogum-yardimi-ve-devlet-katkisi\/"]}]},{"@type":"BreadcrumbList","@id":"http:\/\/www.muhasebedersleri.com\/blog\/dogum-yardimi-ve-devlet-katkisi\/#breadcrumb","itemListElement":[{"@type":"ListItem","position":1,"name":"Ana sayfa","item":"https:\/\/www.muhasebedersleri.com\/blog\/"},{"@type":"ListItem","position":2,"name":"Do\u011fum Yard\u0131m\u0131 ve Devlet Katk\u0131s\u0131"}]},{"@type":"WebSite","@id":"https:\/\/www.muhasebedersleri.com\/blog\/#website","url":"https:\/\/www.muhasebedersleri.com\/blog\/","name":"Muhasebe Blog","description":"Muhasebe hakk\u0131nda her\u015fey","potentialAction":[{"@type":"SearchAction","target":{"@type":"EntryPoint","urlTemplate":"https:\/\/www.muhasebedersleri.com\/blog\/?s={search_term_string}"},"query-input":"required name=search_term_string"}],"inLanguage":"tr"},{"@type":"Person","@id":"https:\/\/www.muhasebedersleri.com\/blog\/#\/schema\/person\/30e5803c17e4ed23e09c6224c564f10d","name":"Ahmet","image":{"@type":"ImageObject","inLanguage":"tr","@id":"https:\/\/www.muhasebedersleri.com\/blog\/#\/schema\/person\/image\/","url":"https:\/\/secure.gravatar.com\/avatar\/942b45aca9690df47674327d843d43de?s=96&d=mm&r=g","contentUrl":"https:\/\/secure.gravatar.com\/avatar\/942b45aca9690df47674327d843d43de?s=96&d=mm&r=g","caption":"Ahmet"},"url":"http:\/\/www.muhasebedersleri.com\/blog\/author\/hakan\/"}]}},"views":8170,"_links":{"self":[{"href":"http:\/\/www.muhasebedersleri.com\/blog\/wp-json\/wp\/v2\/posts\/1632","targetHints":{"allow":["GET"]}}],"collection":[{"href":"http:\/\/www.muhasebedersleri.com\/blog\/wp-json\/wp\/v2\/posts"}],"about":[{"href":"http:\/\/www.muhasebedersleri.com\/blog\/wp-json\/wp\/v2\/types\/post"}],"author":[{"embeddable":true,"href":"http:\/\/www.muhasebedersleri.com\/blog\/wp-json\/wp\/v2\/users\/1"}],"replies":[{"embeddable":true,"href":"http:\/\/www.muhasebedersleri.com\/blog\/wp-json\/wp\/v2\/comments?post=1632"}],"version-history":[{"count":1,"href":"http:\/\/www.muhasebedersleri.com\/blog\/wp-json\/wp\/v2\/posts\/1632\/revisions"}],"predecessor-version":[{"id":1633,"href":"http:\/\/www.muhasebedersleri.com\/blog\/wp-json\/wp\/v2\/posts\/1632\/revisions\/1633"}],"wp:attachment":[{"href":"http:\/\/www.muhasebedersleri.com\/blog\/wp-json\/wp\/v2\/media?parent=1632"}],"wp:term":[{"taxonomy":"category","embeddable":true,"href":"http:\/\/www.muhasebedersleri.com\/blog\/wp-json\/wp\/v2\/categories?post=1632"},{"taxonomy":"post_tag","embeddable":true,"href":"http:\/\/www.muhasebedersleri.com\/blog\/wp-json\/wp\/v2\/tags?post=1632"}],"curies":[{"name":"wp","href":"https:\/\/api.w.org\/{rel}","templated":true}]}}